{"id":29782,"date":"2020-07-20T21:04:55","date_gmt":"2020-07-21T00:04:55","guid":{"rendered":"http:\/\/vocesparalelas.com.ar\/sitio\/?p=29782"},"modified":"2020-08-05T20:35:21","modified_gmt":"2020-08-05T23:35:21","slug":"convocatoria-premio-mercosur-de-ciencia-y-tecnologia","status":"publish","type":"post","link":"https:\/\/vocesparalelas.com.ar\/sitio\/convocatoria-premio-mercosur-de-ciencia-y-tecnologia\/","title":{"rendered":"Convocatoria \u00abPremio Mercosur de Ciencia y Tecnolog\u00eda\u00bb"},"content":{"rendered":"<p>Hasta el 11 de septiembre se podr\u00e1n presentar los trabajos en ciencia y tecnolog\u00eda que se destaquen en la tem\u00e1tica. Hay cinco categor\u00edas para participar y el premio se repartir\u00e1 entre los primeros puestos.<\/p>\n<p>Ya est\u00e1 abierta la convocatoria para participar del \u201cPremio Mercosur de Ciencia y Tecnolog\u00eda\u201d, que galardona aquellas investigaciones que representen una contribuci\u00f3n al desarrollo cient\u00edfico y tecnol\u00f3gico en Inteligencia Artificial.<\/p>\n<p>Hasta el 11 de septiembre de este a\u00f1o se pueden presentar los mejores trabajos sobre la tem\u00e1tica de estudiantes, j\u00f3venes investigadores y equipos de investigaci\u00f3n nacionales o residentes de los pa\u00edses miembros o asociados al Mercosur.<\/p>\n<p>Hay cinco categor\u00edas para participar y se repartir\u00e1n R$105.000 (reales) entre los primeros puestos.<\/p>\n<p>La tem\u00e1tica Inteligencia Artificial podr\u00e1 estar orientadas en las siguientes l\u00edneas:<\/p>\n<ul>\n<li>Inteligencia artificial y la Internet de las cosas;<\/li>\n<li>Inteligencia artificial y ambiente rural;<\/li>\n<li>Inteligencia artificial y salud;<\/li>\n<li>Inteligencia artificial y ciudades;<\/li>\n<li>Inteligencia artificial e industria;<\/li>\n<li>\u00c9tica e inteligencia artificial.<\/li>\n<\/ul>\n<p>Las cinco categor\u00edas para participar son:<\/p>\n<ul>\n<li>Iniciaci\u00f3n Cient\u00edfica: dirigida a estudiantes de escuelas secundarias y t\u00e9cnicas, que tengan menos de 25 a\u00f1os hasta el 11 de septiembre.<\/li>\n<li>Estudiante Universitario: dirigida a estudiantes que asisten a cursos de grado en la educaci\u00f3n superior e instituciones de investigaci\u00f3n, sin l\u00edmite de edad.<\/li>\n<li>Joven Investigador: dirigida a graduados, estudiantes de maestr\u00eda, mag\u00edsteres, estudiantes de doctorado y doctores que tengan menos de 36 a\u00f1os de edad hasta el 11 de septiembre.<\/li>\n<li>Investigador Senior: dirigida a graduados, estudiantes de maestr\u00eda, mag\u00edsteres, estudiantes de doctorado y doctores que tengan 36 a\u00f1os de edad o m\u00e1s hasta el 11 de septiembre.<\/li>\n<li>Integraci\u00f3n: dirigida a graduados, estudiantes de maestr\u00eda, mag\u00edsteres, estudiantes de doctorado y doctores, sin l\u00edmite de edad.<\/li>\n<\/ul>\n<p>Se premian los primeros puestos de las cinco categor\u00edas:<\/p>\n<ul>\n<li>Iniciaci\u00f3n Cient\u00edfica (R$8.000);<\/li>\n<li>Estudiante Universitario (R$15.000);<\/li>\n<li>Joven Investigador (R$20.000);<\/li>\n<li>Investigador Senior (R$22.000); Integraci\u00f3n (R$40.000).<\/li>\n<\/ul>\n<p>El 1 de diciembre se conocen los ganadores<\/p>\n<p><a href=\"http:\/\/www.premiomercosul.cnpq.br\/es\/web\/pmct\/portada\">http:\/\/www.premiomercosul.cnpq.br\/es\/web\/pmct\/portada<\/a><\/p>\n<p>El concurso es una iniciativa de la Reuni\u00f3n Especializada de Ciencia y Tecnolog\u00eda del MERCOSUR (RECyT) integrada por los organismos de ciencia y tecnolog\u00eda de los pa\u00edses miembros del MERCOSUR: el Ministerio de Ciencia, Tecnolog\u00eda e Innovaci\u00f3n de Argentina; el Consejo Nacional de Ciencia y Tecnolog\u00eda de Paraguay; el Ministerio de Educaci\u00f3n y Cultura de Uruguay; el Ministerio de Ciencia, Tecnolog\u00eda, Innovaciones y Comunicaciones de Brasil (MCTIC); y el Consejo Nacional de Desarrollo Cient\u00edfico y Tecnol\u00f3gico (CNPq); adem\u00e1s de contar con el apoyo institucional del Movimiento Brasil Competitivo (MBC).<\/p>\n<p><strong><span style=\"color: #ff0000;\">Cualquier consulta escribir a:<\/span><\/strong> <span id=\"cloak8fb4a3a290e47d363066cd614670436c\"><a href=\"mailto:premios@cnpq.br\">premios@cnpq.br<\/a><\/span><\/p>\n<p><strong><span style=\"color: #ff0000;\">Para mayor informaci\u00f3n<\/span><\/strong><\/p>\n<p><a href=\"https:\/\/www.argentina.gob.ar\/internacional\/premio-mercosur-de-ciencia-y-tecnologia\">https:\/\/www.argentina.gob.ar\/internacional\/premio-mercosur-de-ciencia-y-tecnologia<\/a><\/p>\n<p>&nbsp;<\/p>\n<p>&nbsp;<\/p>\n","protected":false},"excerpt":{"rendered":"<p>Hasta el 11 de septiembre se podr\u00e1n presentar los trabajos en ciencia y tecnolog\u00eda que se destaquen en la tem\u00e1tica.<\/p>\n","protected":false},"author":3,"featured_media":29783,"comment_status":"closed","ping_status":"closed","sticky":false,"template":"","format":"standard","meta":{"_acf_changed":false,"_seopress_robots_primary_cat":"","_seopress_titles_title":"","_seopress_titles_desc":"","_seopress_robots_index":"","colormag_page_container_layout":"default_layout","colormag_page_sidebar_layout":"default_layout","footnotes":""},"categories":[8],"tags":[],"class_list":["post-29782","post","type-post","status-publish","format-standard","has-post-thumbnail","hentry","category-concursos"],"acf":[],"_links":{"self":[{"href":"https:\/\/vocesparalelas.com.ar\/sitio\/wp-json\/wp\/v2\/posts\/29782","targetHints":{"allow":["GET"]}}],"collection":[{"href":"https:\/\/vocesparalelas.com.ar\/sitio\/wp-json\/wp\/v2\/posts"}],"about":[{"href":"https:\/\/vocesparalelas.com.ar\/sitio\/wp-json\/wp\/v2\/types\/post"}],"author":[{"embeddable":true,"href":"https:\/\/vocesparalelas.com.ar\/sitio\/wp-json\/wp\/v2\/users\/3"}],"replies":[{"embeddable":true,"href":"https:\/\/vocesparalelas.com.ar\/sitio\/wp-json\/wp\/v2\/comments?post=29782"}],"version-history":[{"count":1,"href":"https:\/\/vocesparalelas.com.ar\/sitio\/wp-json\/wp\/v2\/posts\/29782\/revisions"}],"predecessor-version":[{"id":29784,"href":"https:\/\/vocesparalelas.com.ar\/sitio\/wp-json\/wp\/v2\/posts\/29782\/revisions\/29784"}],"wp:featuredmedia":[{"embeddable":true,"href":"https:\/\/vocesparalelas.com.ar\/sitio\/wp-json\/wp\/v2\/media\/29783"}],"wp:attachment":[{"href":"https:\/\/vocesparalelas.com.ar\/sitio\/wp-json\/wp\/v2\/media?parent=29782"}],"wp:term":[{"taxonomy":"category","embeddable":true,"href":"https:\/\/vocesparalelas.com.ar\/sitio\/wp-json\/wp\/v2\/categories?post=29782"},{"taxonomy":"post_tag","embeddable":true,"href":"https:\/\/vocesparalelas.com.ar\/sitio\/wp-json\/wp\/v2\/tags?post=29782"}],"curies":[{"name":"wp","href":"https:\/\/api.w.org\/{rel}","templated":true}]}}