{"id":29779,"date":"2020-07-20T20:41:52","date_gmt":"2020-07-20T23:41:52","guid":{"rendered":"http:\/\/vocesparalelas.com.ar\/sitio\/?p=29779"},"modified":"2020-07-20T20:41:52","modified_gmt":"2020-07-20T23:41:52","slug":"2-reunion-del-sector-obras-y-energias-en-el-acuerdo-san-juan","status":"publish","type":"post","link":"https:\/\/vocesparalelas.com.ar\/sitio\/2-reunion-del-sector-obras-y-energias-en-el-acuerdo-san-juan\/","title":{"rendered":"2\u00b0 reuni\u00f3n del sector Obras y Energ\u00edas en el Acuerdo San Juan"},"content":{"rendered":"<p>os referentes del sector Obras y Energ\u00edas mantuvieron su segunda reuni\u00f3n sectorial correspondiente al Acuerdo San Juan. El gobernador de la Provincia, Dr. Sergio U\u00f1ac, acompa\u00f1\u00f3 al ministro de Obras y Servicios P\u00fablicos, Ing. Julio Ortiz Andino, que presidi\u00f3 la reuni\u00f3n.<\/p>\n<p>El mandatario, haciendo referencia al momento que atraviesa el mundo, destac\u00f3 la importancia del trabajo para el San Juan pospandemia, incentivando el desarrollo de la obra p\u00fablica y privada con el fin de hacer crecer la empleabilidad en la provincia.<\/p>\n<p><iframe loading=\"lazy\" title=\"U\u00f1ac presente en la segunda reuni\u00f3n del sector Obras y Energ\u00edas\" width=\"800\" height=\"450\" src=\"https:\/\/www.youtube.com\/embed\/Fy6j7aPEH0s?feature=oembed\" frameborder=\"0\" allow=\"accelerometer; autoplay; encrypted-media; gyroscope; picture-in-picture\" allowfullscreen><\/iframe><\/p>\n<p>En ese sentido, se\u00f1al\u00f3 que \u00abcomo gobernador de todos los sanjuaninos busco generar las mejores iniciativas, con mayor participaci\u00f3n privada\u00bb.<\/p>\n<p>\u00abEstoy seguro de que podemos transformar los problemas en grandes oportunidades, mediante una conjunci\u00f3n de discusiones que nos lleven a tomar las mejores decisiones para transitar mejores caminos y eso ser\u00e1 una decisi\u00f3n de todos\u201d, cerr\u00f3.<\/p>\n","protected":false},"excerpt":{"rendered":"<p>os referentes del sector Obras y Energ\u00edas mantuvieron su segunda reuni\u00f3n sectorial correspondiente al Acuerdo San Juan. El gobernador de<\/p>\n","protected":false},"author":3,"featured_media":29104,"comment_status":"closed","ping_status":"closed","sticky":false,"template":"","format":"standard","meta":{"_acf_changed":false,"_seopress_robots_primary_cat":"","_seopress_titles_title":"","_seopress_titles_desc":"","_seopress_robots_index":"","colormag_page_container_layout":"default_layout","colormag_page_sidebar_layout":"default_layout","footnotes":""},"categories":[1],"tags":[],"class_list":["post-29779","post","type-post","status-publish","format-standard","has-post-thumbnail","hentry","category-destacadas"],"acf":[],"_links":{"self":[{"href":"https:\/\/vocesparalelas.com.ar\/sitio\/wp-json\/wp\/v2\/posts\/29779","targetHints":{"allow":["GET"]}}],"collection":[{"href":"https:\/\/vocesparalelas.com.ar\/sitio\/wp-json\/wp\/v2\/posts"}],"about":[{"href":"https:\/\/vocesparalelas.com.ar\/sitio\/wp-json\/wp\/v2\/types\/post"}],"author":[{"embeddable":true,"href":"https:\/\/vocesparalelas.com.ar\/sitio\/wp-json\/wp\/v2\/users\/3"}],"replies":[{"embeddable":true,"href":"https:\/\/vocesparalelas.com.ar\/sitio\/wp-json\/wp\/v2\/comments?post=29779"}],"version-history":[{"count":1,"href":"https:\/\/vocesparalelas.com.ar\/sitio\/wp-json\/wp\/v2\/posts\/29779\/revisions"}],"predecessor-version":[{"id":29780,"href":"https:\/\/vocesparalelas.com.ar\/sitio\/wp-json\/wp\/v2\/posts\/29779\/revisions\/29780"}],"wp:featuredmedia":[{"embeddable":true,"href":"https:\/\/vocesparalelas.com.ar\/sitio\/wp-json\/wp\/v2\/media\/29104"}],"wp:attachment":[{"href":"https:\/\/vocesparalelas.com.ar\/sitio\/wp-json\/wp\/v2\/media?parent=29779"}],"wp:term":[{"taxonomy":"category","embeddable":true,"href":"https:\/\/vocesparalelas.com.ar\/sitio\/wp-json\/wp\/v2\/categories?post=29779"},{"taxonomy":"post_tag","embeddable":true,"href":"https:\/\/vocesparalelas.com.ar\/sitio\/wp-json\/wp\/v2\/tags?post=29779"}],"curies":[{"name":"wp","href":"https:\/\/api.w.org\/{rel}","templated":true}]}}