{"id":29774,"date":"2020-07-20T20:06:43","date_gmt":"2020-07-20T23:06:43","guid":{"rendered":"http:\/\/vocesparalelas.com.ar\/sitio\/?p=29774"},"modified":"2020-07-20T20:06:43","modified_gmt":"2020-07-20T23:06:43","slug":"reunion-con-empresarios-del-sector-gastronomico","status":"publish","type":"post","link":"https:\/\/vocesparalelas.com.ar\/sitio\/reunion-con-empresarios-del-sector-gastronomico\/","title":{"rendered":"Reuni\u00f3n con empresarios del sector gastron\u00f3mico"},"content":{"rendered":"<p>La ministrO de Turismo y Cultura del Gobierno de San Juan, Lic. Claudia Grynszpan; la ministro de Salud P\u00fablica, Dra. Alejandra Venerando y el secretario de Seguridad, Dr. Carlos Munisaga, recibieron en a empresarios del sector de eventos.<\/p>\n<p><img loading=\"lazy\" decoding=\"async\" class=\"alignnone wp-image-29775 size-full\" src=\"https:\/\/vocesparalelas.com.ar\/sitio\/wp-content\/uploads\/2020\/07\/gastronomicos-03.jpg\" alt=\"\" width=\"800\" height=\"428\" srcset=\"https:\/\/vocesparalelas.com.ar\/sitio\/wp-content\/uploads\/2020\/07\/gastronomicos-03.jpg 800w, https:\/\/vocesparalelas.com.ar\/sitio\/wp-content\/uploads\/2020\/07\/gastronomicos-03-300x161.jpg 300w, https:\/\/vocesparalelas.com.ar\/sitio\/wp-content\/uploads\/2020\/07\/gastronomicos-03-768x411.jpg 768w\" sizes=\"auto, (max-width: 800px) 100vw, 800px\" \/><\/p>\n<p>Once representantes de salones de eventos, eventos infantiles, servicios de catering, t\u00e9cnicos de sonido, iluminaci\u00f3n, maquillaje y decoraci\u00f3n expusieron la problem\u00e1tica del sector que afecta a m\u00e1s de 3.700 familias desde que comenz\u00f3 la pandemia.<\/p>\n<p>Durante la reuni\u00f3n los empresarios plantearon sus inquietudes y distintas posibilidades para la reapertura del sector como la declaraci\u00f3n jurada de los eventos con fecha, hora y lugar, m\u00e1s el listado de los invitados con todos los datos, entre otros.<\/p>\n<p>Se plante\u00f3 el compromiso de seguir evaluando la situaci\u00f3n. Esperar el protocolo de salones de eventos y analizarlo en conjunto entre seguridad, turismo y salud.<\/p>\n<p>El comit\u00e9 evaluar\u00e1 los protocolos, se presentar\u00e1n y se capacitar\u00e1 en las recomendaciones generales de cada sector y una vez aprobados se subir\u00e1n a la plataforma Capacitur para que cuenten con el sello de estacionamiento seguro.<\/p>\n<p><img loading=\"lazy\" decoding=\"async\" class=\"alignnone wp-image-29777 size-full\" src=\"https:\/\/vocesparalelas.com.ar\/sitio\/wp-content\/uploads\/2020\/07\/gastronomicos-02.jpg\" alt=\"\" width=\"800\" height=\"505\" srcset=\"https:\/\/vocesparalelas.com.ar\/sitio\/wp-content\/uploads\/2020\/07\/gastronomicos-02.jpg 800w, https:\/\/vocesparalelas.com.ar\/sitio\/wp-content\/uploads\/2020\/07\/gastronomicos-02-300x189.jpg 300w, https:\/\/vocesparalelas.com.ar\/sitio\/wp-content\/uploads\/2020\/07\/gastronomicos-02-768x485.jpg 768w\" sizes=\"auto, (max-width: 800px) 100vw, 800px\" \/><\/p>\n","protected":false},"excerpt":{"rendered":"<p>La ministrO de Turismo y Cultura del Gobierno de San Juan, Lic. Claudia Grynszpan; la ministro de Salud P\u00fablica, Dra.<\/p>\n","protected":false},"author":3,"featured_media":29776,"comment_status":"closed","ping_status":"closed","sticky":false,"template":"","format":"standard","meta":{"_acf_changed":false,"_seopress_robots_primary_cat":"","_seopress_titles_title":"","_seopress_titles_desc":"","_seopress_robots_index":"","colormag_page_container_layout":"default_layout","colormag_page_sidebar_layout":"default_layout","footnotes":""},"categories":[1],"tags":[],"class_list":["post-29774","post","type-post","status-publish","format-standard","has-post-thumbnail","hentry","category-destacadas"],"acf":[],"_links":{"self":[{"href":"https:\/\/vocesparalelas.com.ar\/sitio\/wp-json\/wp\/v2\/posts\/29774","targetHints":{"allow":["GET"]}}],"collection":[{"href":"https:\/\/vocesparalelas.com.ar\/sitio\/wp-json\/wp\/v2\/posts"}],"about":[{"href":"https:\/\/vocesparalelas.com.ar\/sitio\/wp-json\/wp\/v2\/types\/post"}],"author":[{"embeddable":true,"href":"https:\/\/vocesparalelas.com.ar\/sitio\/wp-json\/wp\/v2\/users\/3"}],"replies":[{"embeddable":true,"href":"https:\/\/vocesparalelas.com.ar\/sitio\/wp-json\/wp\/v2\/comments?post=29774"}],"version-history":[{"count":1,"href":"https:\/\/vocesparalelas.com.ar\/sitio\/wp-json\/wp\/v2\/posts\/29774\/revisions"}],"predecessor-version":[{"id":29778,"href":"https:\/\/vocesparalelas.com.ar\/sitio\/wp-json\/wp\/v2\/posts\/29774\/revisions\/29778"}],"wp:featuredmedia":[{"embeddable":true,"href":"https:\/\/vocesparalelas.com.ar\/sitio\/wp-json\/wp\/v2\/media\/29776"}],"wp:attachment":[{"href":"https:\/\/vocesparalelas.com.ar\/sitio\/wp-json\/wp\/v2\/media?parent=29774"}],"wp:term":[{"taxonomy":"category","embeddable":true,"href":"https:\/\/vocesparalelas.com.ar\/sitio\/wp-json\/wp\/v2\/categories?post=29774"},{"taxonomy":"post_tag","embeddable":true,"href":"https:\/\/vocesparalelas.com.ar\/sitio\/wp-json\/wp\/v2\/tags?post=29774"}],"curies":[{"name":"wp","href":"https:\/\/api.w.org\/{rel}","templated":true}]}}