{"id":29771,"date":"2020-07-20T19:05:43","date_gmt":"2020-07-20T22:05:43","guid":{"rendered":"http:\/\/vocesparalelas.com.ar\/sitio\/?p=29771"},"modified":"2020-07-20T19:05:43","modified_gmt":"2020-07-20T22:05:43","slug":"luces-rojas-por-el-aniversario-la-cruz-roja-san-juan","status":"publish","type":"post","link":"https:\/\/vocesparalelas.com.ar\/sitio\/luces-rojas-por-el-aniversario-la-cruz-roja-san-juan\/","title":{"rendered":"Luces rojas por el aniversario la Cruz Roja San Juan"},"content":{"rendered":"<div class=\"itemFullText jbintrotext\">\n<p>El edificio de la C\u00e1mara de Diputados qued\u00f3 iluminado en color rojo durante la noche de este domingo 19 hasta la noche del lunes 20, como una manera de visibilizar y destacar su permanente labor, como tambi\u00e9n conmemorar el 114\u00ba aniversario de la creaci\u00f3n de la Cruz Roja Filial San Juan.<\/p>\n<\/div>\n<div class=\"itemFullText\">\n<p>En la oportunidad, participaron de la fotograf\u00eda como una forma de adherir a la fecha: el secretario Administrativo de la C\u00e1mara de Diputados, Roberto Iglesias y el diputado provincial Gast\u00f3n Berenguer, autor de la iniciativa junto a representantes de la Cruz Roja Filial San Juan encabezados por el presidente Rodrigo Herrera y la secretaria Silvina D\u00edaz y acompa\u00f1ados por los voluntarios Paula Robledo, Alejandra Mercado, Carla And\u00fajar, Nancy Mestre, Amparo Mrak, Luciana Salas, Sunilda Monta\u00f1a Leandro Mart\u00edn, Roberto Baz\u00e1n, Mat\u00edas Castro, Nicol\u00e1s Jofr\u00e9 y Ramiro Luna.<\/p>\n<p>De acuerdo con los registros existentes fue el 20 de julio de 1906 la fecha en que fue creada la Filial San Juan de la Cruz Roja Argentina y a partir de all\u00ed y como consecuencia del terremoto del 15 de enero de 1944 fue extraviada toda la documentaci\u00f3n.<\/p>\n<p>La Cruz Roja es una asociaci\u00f3n civil, humanitaria y de car\u00e1cter voluntario, parte integrante del Movimiento Internacional de la Cruz Roja y de la Media Luna Roja y sus voluntarios llevan a cabo acciones humanitarias guiados por los siete principios fundamentales: Humanidad, Imparcialidad, Neutralidad, Independencia, Voluntariado, Unidad y Universalidad.<\/p>\n<\/div>\n","protected":false},"excerpt":{"rendered":"<p>El edificio de la C\u00e1mara de Diputados qued\u00f3 iluminado en color rojo durante la noche de este domingo 19 hasta<\/p>\n","protected":false},"author":3,"featured_media":29772,"comment_status":"closed","ping_status":"closed","sticky":false,"template":"","format":"standard","meta":{"_acf_changed":false,"_seopress_robots_primary_cat":"","_seopress_titles_title":"","_seopress_titles_desc":"","_seopress_robots_index":"","colormag_page_container_layout":"default_layout","colormag_page_sidebar_layout":"default_layout","footnotes":""},"categories":[1],"tags":[],"class_list":["post-29771","post","type-post","status-publish","format-standard","has-post-thumbnail","hentry","category-destacadas"],"acf":[],"_links":{"self":[{"href":"https:\/\/vocesparalelas.com.ar\/sitio\/wp-json\/wp\/v2\/posts\/29771","targetHints":{"allow":["GET"]}}],"collection":[{"href":"https:\/\/vocesparalelas.com.ar\/sitio\/wp-json\/wp\/v2\/posts"}],"about":[{"href":"https:\/\/vocesparalelas.com.ar\/sitio\/wp-json\/wp\/v2\/types\/post"}],"author":[{"embeddable":true,"href":"https:\/\/vocesparalelas.com.ar\/sitio\/wp-json\/wp\/v2\/users\/3"}],"replies":[{"embeddable":true,"href":"https:\/\/vocesparalelas.com.ar\/sitio\/wp-json\/wp\/v2\/comments?post=29771"}],"version-history":[{"count":1,"href":"https:\/\/vocesparalelas.com.ar\/sitio\/wp-json\/wp\/v2\/posts\/29771\/revisions"}],"predecessor-version":[{"id":29773,"href":"https:\/\/vocesparalelas.com.ar\/sitio\/wp-json\/wp\/v2\/posts\/29771\/revisions\/29773"}],"wp:featuredmedia":[{"embeddable":true,"href":"https:\/\/vocesparalelas.com.ar\/sitio\/wp-json\/wp\/v2\/media\/29772"}],"wp:attachment":[{"href":"https:\/\/vocesparalelas.com.ar\/sitio\/wp-json\/wp\/v2\/media?parent=29771"}],"wp:term":[{"taxonomy":"category","embeddable":true,"href":"https:\/\/vocesparalelas.com.ar\/sitio\/wp-json\/wp\/v2\/categories?post=29771"},{"taxonomy":"post_tag","embeddable":true,"href":"https:\/\/vocesparalelas.com.ar\/sitio\/wp-json\/wp\/v2\/tags?post=29771"}],"curies":[{"name":"wp","href":"https:\/\/api.w.org\/{rel}","templated":true}]}}