{"id":29768,"date":"2020-07-20T19:03:35","date_gmt":"2020-07-20T22:03:35","guid":{"rendered":"http:\/\/vocesparalelas.com.ar\/sitio\/?p=29768"},"modified":"2020-07-20T19:03:35","modified_gmt":"2020-07-20T22:03:35","slug":"70o-aniversario-de-la-camara-de-la-construccion","status":"publish","type":"post","link":"https:\/\/vocesparalelas.com.ar\/sitio\/70o-aniversario-de-la-camara-de-la-construccion\/","title":{"rendered":"70\u00ba aniversario de la C\u00e1mara de la Construcci\u00f3n"},"content":{"rendered":"<div class=\"itemFullText jbintrotext\">\n<p>El gobernador de San Juan, Dr. Sergio U\u00f1ac junto al vicegobernador CPN Roberto Gattoni, particip\u00f3 en la C\u00e1mara de la Construcci\u00f3n, delegaci\u00f3n San Juan de la ceremonia de conmemoraci\u00f3n del setenta aniversario de la instituci\u00f3n que consisti\u00f3 en un desayuno en cuyo transcurso fueron entregados diversos reconocimientos.<\/p>\n<\/div>\n<div class=\"itemFullText\">\n<p>El encuentro fue cumplido en la sede de la entidad ubicada en calle Nicanor Larra\u00edn 360 y\u00a0 a su arribo las autoridades fueron recibidas por el presidente de la C\u00e1mara de la Construcci\u00f3n, delegaci\u00f3n San Juan, Ante Dumandzic, quien los invit\u00f3 a ingresar a la sala de reuniones.<\/p>\n<p>Cabe se\u00f1alar que en la ocasi\u00f3n, asistieron adem\u00e1s los Ministros de Obras y Servicios P\u00fablicos de la provincia, Ing. Julio Ortiz Andino; de Hacienda y Finanzas, CPN Marisa L\u00f3pez; el intendente municipal de la Ciudad de San Juan, Dr. Emilio Baistrocchi; el secretario de Vivienda y Habitat, Robert Garc\u00e9s y el director del Instituto Provincial de la Vivienda &#8211; IPV -, Arq. Marcelo Yornet y otros funcionarios, empresarios miembros de la C\u00e1mara de la Construcci\u00f3n e invitados especiales.<\/p>\n<p>En primer t\u00e9rmino, el presidente Dumandzic tuvo palabras de bienvenida para todos los presentes agradeci\u00e9ndoles el apoyo y los invit\u00f3 a observar un video institucional en el que era resumida la historia de esta C\u00e1mara.<\/p>\n<p>A continuaci\u00f3n, fueron entregados reconocimientos al ex presidente de la entidad, Julio Sohar Aguirre Ruiz, Jozo Dumandzic y al ex titular de la C\u00e1mara Argentina de la Construcci\u00f3n, Monir Madcur, quien agradeci\u00f3 la distinci\u00f3n.<\/p>\n<p>Posteriormente, el secretario general de la CGT y de la UOCRA y diputado provincial, Eduardo Cabello, expres\u00f3 la importancia de unir a las personas y otorg\u00f3 como obsequio una obra de arte, en este caso, un \u00f3leo realizado por la artista pl\u00e1stica Estela Mil\u00e1n, denominado \u00abVaivenes de la vida\u201d.<\/p>\n<p>Luego el gobernador U\u00f1ac junto al vicegobernador hicieron entrega al responsable de la C\u00e1mara de una placa recordatoria que destacaba la trayectoria de la instituci\u00f3n a lo largo de estos setenta a\u00f1os.<\/p>\n<p>Finalmente, el titular del Poder Ejecutivo al dirigirse a los presentes puntualiz\u00f3 que \u201ca la familia de la construcci\u00f3n de la provincia de San Juan el mayor de los \u00e9xitos, creo que tenemos un futuro com\u00fan, gracias ingeniero Julio Aguirre Ruiz por acompa\u00f1arnos, no solamente hoy, sino por habernos acompa\u00f1ado toda una vida en este desaf\u00edo de construir permanentemente esta provincia, un merecido reconocimiento\u201d.<\/p>\n<p>A continuaci\u00f3n extendi\u00f3 una felicitaci\u00f3n al presidente de la C\u00e1mara, Ante Dumandzic y expres\u00f3 que \u201cexterioriz\u00f3 en vos y tambi\u00e9n al \u00a0ex presidente de la C\u00e1mara Argentina de la Construcci\u00f3n, a quienes han sido presidentes tanto en la delegaci\u00f3n San Juan, como tambi\u00e9n en la persona de Monir Madcur, quien ha representado a la C\u00e1mara desde San Juan y lo ha hecho muy bien\u201d.<\/p>\n<p>Destac\u00f3 luego que \u201ces emblem\u00e1tico que un d\u00eda como hoy, un 20 de julio nos podamos juntar aqu\u00ed, porque adem\u00e1s un 20 de julio de 1950 se hab\u00eda generado esta C\u00e1mara, tienen que haber habido indefectiblemente lazos de amistad en aquel momento para fundar una instituci\u00f3n, pero que adem\u00e1s de esa instituci\u00f3n permanecer durante setenta a\u00f1os\u201d.<\/p>\n<p>\u201cMe parece \u2013a\u00f1adi\u00f3- \u00a0que tambi\u00e9n tiene mucho que ver que desde 1944, seis a\u00f1os despu\u00e9s, generar esta C\u00e1mara que ha sido promotora e impulsora de una nueva provincia de San Juan donde ha tenido que ver mucho lo social pero fundamentalmente ha tenido que ver la posibilidad de seguir construyendo una provincia a la que le hac\u00eda falta la infraestructura porque la misma qued\u00f3 casi literalmente en el suelo\u201d.<\/p>\n<p>Sostuvo despu\u00e9s el gobernador U\u00f1ac que \u201cel desaf\u00edo es poder convocarlos a seguir construyendo la provincia y pensando que este San Juan tiene mucho por disfrutar todo lo que se ha construido y logrado, pero tiene mucho por hacer todav\u00eda, por eso el Acuerdo San Juan, que significa la posibilidad de poder sentarnos en una mesa y discutir no s\u00f3lo que San Juan tenemos, sino que San Juan queremos\u201d.<\/p>\n<p>Por \u00faltimo, asever\u00f3 el mandatario que \u201cyo ten\u00eda el enorme desaf\u00edo de poder convocarlos a todos, pod\u00eda imaginar que pensaban ustedes pero qu\u00e9 mejor que en vez de imagin\u00e1rmelo pueda escucharlo de sus propias bocas, como las del resto de las diecisiete mesas donde expresan qu\u00e9 queremos hacer con San Juan y donde el Gobierno toma el desaf\u00edo de poder hacerlo en conjunto\u201d.<\/p>\n<\/div>\n","protected":false},"excerpt":{"rendered":"<p>El gobernador de San Juan, Dr. Sergio U\u00f1ac junto al vicegobernador CPN Roberto Gattoni, particip\u00f3 en la C\u00e1mara de la<\/p>\n","protected":false},"author":3,"featured_media":29769,"comment_status":"closed","ping_status":"closed","sticky":false,"template":"","format":"standard","meta":{"_acf_changed":false,"_seopress_robots_primary_cat":"","_seopress_titles_title":"","_seopress_titles_desc":"","_seopress_robots_index":"","colormag_page_container_layout":"default_layout","colormag_page_sidebar_layout":"default_layout","footnotes":""},"categories":[1],"tags":[],"class_list":["post-29768","post","type-post","status-publish","format-standard","has-post-thumbnail","hentry","category-destacadas"],"acf":[],"_links":{"self":[{"href":"https:\/\/vocesparalelas.com.ar\/sitio\/wp-json\/wp\/v2\/posts\/29768","targetHints":{"allow":["GET"]}}],"collection":[{"href":"https:\/\/vocesparalelas.com.ar\/sitio\/wp-json\/wp\/v2\/posts"}],"about":[{"href":"https:\/\/vocesparalelas.com.ar\/sitio\/wp-json\/wp\/v2\/types\/post"}],"author":[{"embeddable":true,"href":"https:\/\/vocesparalelas.com.ar\/sitio\/wp-json\/wp\/v2\/users\/3"}],"replies":[{"embeddable":true,"href":"https:\/\/vocesparalelas.com.ar\/sitio\/wp-json\/wp\/v2\/comments?post=29768"}],"version-history":[{"count":1,"href":"https:\/\/vocesparalelas.com.ar\/sitio\/wp-json\/wp\/v2\/posts\/29768\/revisions"}],"predecessor-version":[{"id":29770,"href":"https:\/\/vocesparalelas.com.ar\/sitio\/wp-json\/wp\/v2\/posts\/29768\/revisions\/29770"}],"wp:featuredmedia":[{"embeddable":true,"href":"https:\/\/vocesparalelas.com.ar\/sitio\/wp-json\/wp\/v2\/media\/29769"}],"wp:attachment":[{"href":"https:\/\/vocesparalelas.com.ar\/sitio\/wp-json\/wp\/v2\/media?parent=29768"}],"wp:term":[{"taxonomy":"category","embeddable":true,"href":"https:\/\/vocesparalelas.com.ar\/sitio\/wp-json\/wp\/v2\/categories?post=29768"},{"taxonomy":"post_tag","embeddable":true,"href":"https:\/\/vocesparalelas.com.ar\/sitio\/wp-json\/wp\/v2\/tags?post=29768"}],"curies":[{"name":"wp","href":"https:\/\/api.w.org\/{rel}","templated":true}]}}