{"id":29763,"date":"2020-07-19T19:56:47","date_gmt":"2020-07-19T22:56:47","guid":{"rendered":"http:\/\/vocesparalelas.com.ar\/sitio\/?p=29763"},"modified":"2020-07-19T19:56:47","modified_gmt":"2020-07-19T22:56:47","slug":"2-encuentro-de-la-mesa-educacion-en-el-acuerdo-san-juan","status":"publish","type":"post","link":"https:\/\/vocesparalelas.com.ar\/sitio\/2-encuentro-de-la-mesa-educacion-en-el-acuerdo-san-juan\/","title":{"rendered":"2\u00b0 encuentro de la mesa Educaci\u00f3n en el Acuerdo San Juan"},"content":{"rendered":"<p>El gobernador de San Juan, Dr. Sergio U\u00f1ac, particip\u00f3 en el segundo encuentro de la mesa Educaci\u00f3n realizada en el marco del Acuerdo San Juan, la construcci\u00f3n colectiva para la pospandemia convocada por el Gobierno de San Juan.<\/p>\n<p>El encuentro, realizado en el Centro C\u00edvico, cont\u00f3 adem\u00e1s con la presencia del ministro de Educaci\u00f3n, Felipe De Los R\u00edos; el titular de la Secretar\u00eda de Ciencia, Tecnolog\u00eda e Innovaci\u00f3n, Tulio Del Bono; rectores y decanos universitarios y directivos y docentes de establecimientos educativos de todos los niveles.<\/p>\n<p>En primer t\u00e9rmino, del Bono se refiri\u00f3 a la necesidad de articular educaci\u00f3n con trabajo: \u201cNos tenemos que adelantar a lo que va a ocurrir, a veces es f\u00e1cil y a veces no. Hay que planificar con tiempo y es el desaf\u00edo y el reclamo que se escuch\u00f3 en casi todas las mesas\u201d, dijo Del Bono.<\/p>\n<p>Por su parte, De Los R\u00edos, dijo que \u201clas necesidades deben transformarse en acciones concretas, por eso en educaci\u00f3n es fundamental la articulaci\u00f3n, cumplir con la ley y generar el andamiaje para los alumnos en los distintos niveles\u201d.<\/p>\n<p>El titular de la cartera educativa hizo hincapi\u00e9 en garantizar la conectividad como un derecho y a\u00f1adi\u00f3, de cara al reinicio de las actividades escolares, que \u201clos protocolos garantizan el estatus sanitario para el regreso a clases y se suman 382 porteros para garantizar la limpieza en las escuelas, de manera que el protocolo no solo sea una enunciaci\u00f3n\u201d.<\/p>\n<p>A su turno y tras brindar unas palabras de apertura de la mesa y de bienvenida a los participantes, el gobernador asegur\u00f3 que el ASJ busca lograr las mejores conclusiones y destac\u00f3 la cantidad y calidad de las propuestas que se han realizado en el marco de la convocatoria.<\/p>\n<p>\u201cNo estoy coparticipando la responsabilidad de gobernar, esa me compete y tomo decisiones todos los d\u00edas. El ASJ lleva impl\u00edcita la posibilidad de coparticipar la expresi\u00f3n de cada sector de la sociedad y que me permita tomar las mejores decisiones, con una cr\u00edtica sana, entendiendo que discutir no debe ser sin\u00f3nimo de dividir. Estoy muy entusiasmado con lo logrado. Hoy s\u00e1bado en las provincias del pa\u00eds no hay ninguna que est\u00e9 realizando estas mesas, discutiendo la pospandemia para ver qu\u00e9 hacemos. \u00bfY qu\u00e9 hacemos? La responsabilidad es del gobernador pero tambi\u00e9n tiene la obligaci\u00f3n de escuchar y pedir las mejores opiniones, por eso est\u00e1n convocados\u201d, dijo el mandatario.<\/p>\n<p>&nbsp;<\/p>\n<p>&nbsp;<\/p>\n<p>&nbsp;<\/p>\n<p>&nbsp;<\/p>\n","protected":false},"excerpt":{"rendered":"<p>El gobernador de San Juan, Dr. Sergio U\u00f1ac, particip\u00f3 en el segundo encuentro de la mesa Educaci\u00f3n realizada en el<\/p>\n","protected":false},"author":3,"featured_media":29764,"comment_status":"closed","ping_status":"closed","sticky":false,"template":"","format":"standard","meta":{"_acf_changed":false,"_seopress_robots_primary_cat":"","_seopress_titles_title":"","_seopress_titles_desc":"","_seopress_robots_index":"","colormag_page_container_layout":"default_layout","colormag_page_sidebar_layout":"default_layout","footnotes":""},"categories":[1],"tags":[],"class_list":["post-29763","post","type-post","status-publish","format-standard","has-post-thumbnail","hentry","category-destacadas"],"acf":[],"_links":{"self":[{"href":"https:\/\/vocesparalelas.com.ar\/sitio\/wp-json\/wp\/v2\/posts\/29763","targetHints":{"allow":["GET"]}}],"collection":[{"href":"https:\/\/vocesparalelas.com.ar\/sitio\/wp-json\/wp\/v2\/posts"}],"about":[{"href":"https:\/\/vocesparalelas.com.ar\/sitio\/wp-json\/wp\/v2\/types\/post"}],"author":[{"embeddable":true,"href":"https:\/\/vocesparalelas.com.ar\/sitio\/wp-json\/wp\/v2\/users\/3"}],"replies":[{"embeddable":true,"href":"https:\/\/vocesparalelas.com.ar\/sitio\/wp-json\/wp\/v2\/comments?post=29763"}],"version-history":[{"count":1,"href":"https:\/\/vocesparalelas.com.ar\/sitio\/wp-json\/wp\/v2\/posts\/29763\/revisions"}],"predecessor-version":[{"id":29765,"href":"https:\/\/vocesparalelas.com.ar\/sitio\/wp-json\/wp\/v2\/posts\/29763\/revisions\/29765"}],"wp:featuredmedia":[{"embeddable":true,"href":"https:\/\/vocesparalelas.com.ar\/sitio\/wp-json\/wp\/v2\/media\/29764"}],"wp:attachment":[{"href":"https:\/\/vocesparalelas.com.ar\/sitio\/wp-json\/wp\/v2\/media?parent=29763"}],"wp:term":[{"taxonomy":"category","embeddable":true,"href":"https:\/\/vocesparalelas.com.ar\/sitio\/wp-json\/wp\/v2\/categories?post=29763"},{"taxonomy":"post_tag","embeddable":true,"href":"https:\/\/vocesparalelas.com.ar\/sitio\/wp-json\/wp\/v2\/tags?post=29763"}],"curies":[{"name":"wp","href":"https:\/\/api.w.org\/{rel}","templated":true}]}}