{"id":29753,"date":"2020-07-18T20:55:41","date_gmt":"2020-07-18T23:55:41","guid":{"rendered":"http:\/\/vocesparalelas.com.ar\/sitio\/?p=29753"},"modified":"2020-07-18T22:49:24","modified_gmt":"2020-07-19T01:49:24","slug":"iluminada-con-celeste-y-blanco-en-homenaje-a-victimas-de-la-amia","status":"publish","type":"post","link":"https:\/\/vocesparalelas.com.ar\/sitio\/iluminada-con-celeste-y-blanco-en-homenaje-a-victimas-de-la-amia\/","title":{"rendered":"Iluminada con celeste y blanco en homenaje a v\u00edctimas de la AMIA"},"content":{"rendered":"<div class=\"itemFullText jbintrotext\">\n<p>Desde el viernes y hasta este domingo 19 de julio, el edificio legislativo est\u00e1 iluminado con los colores de la Bandera Nacional Argentina como una forma de visibilizar un respetuoso homenaje a la conmemoraci\u00f3n del 26\u00b0 aniversario del atentado a la Asociaci\u00f3n Mutual Israelita Argentina &#8211; AMIA-, que se cumple este 18 de Julio.<\/p>\n<\/div>\n<div class=\"itemFullText\">\n<p>Este ataque terrorista a la sede de la mutual jud\u00eda ocurrido el 18 de julio de 1994, dej\u00f3 el saldo de 85 v\u00edctimas fatales, entre ellas, el sanjuanino Jorge Ant\u00fanez y desde entonces a\u00f1o a a\u00f1o es renovado el reclamo de memoria, verdad y justicia.<\/p>\n<\/div>\n","protected":false},"excerpt":{"rendered":"<p>Desde el viernes y hasta este domingo 19 de julio, el edificio legislativo est\u00e1 iluminado con los colores de la<\/p>\n","protected":false},"author":3,"featured_media":29754,"comment_status":"closed","ping_status":"closed","sticky":false,"template":"","format":"standard","meta":{"_acf_changed":false,"_seopress_robots_primary_cat":"","_seopress_titles_title":"","_seopress_titles_desc":"","_seopress_robots_index":"","colormag_page_container_layout":"default_layout","colormag_page_sidebar_layout":"default_layout","footnotes":""},"categories":[1],"tags":[],"class_list":["post-29753","post","type-post","status-publish","format-standard","has-post-thumbnail","hentry","category-destacadas"],"acf":[],"_links":{"self":[{"href":"https:\/\/vocesparalelas.com.ar\/sitio\/wp-json\/wp\/v2\/posts\/29753","targetHints":{"allow":["GET"]}}],"collection":[{"href":"https:\/\/vocesparalelas.com.ar\/sitio\/wp-json\/wp\/v2\/posts"}],"about":[{"href":"https:\/\/vocesparalelas.com.ar\/sitio\/wp-json\/wp\/v2\/types\/post"}],"author":[{"embeddable":true,"href":"https:\/\/vocesparalelas.com.ar\/sitio\/wp-json\/wp\/v2\/users\/3"}],"replies":[{"embeddable":true,"href":"https:\/\/vocesparalelas.com.ar\/sitio\/wp-json\/wp\/v2\/comments?post=29753"}],"version-history":[{"count":1,"href":"https:\/\/vocesparalelas.com.ar\/sitio\/wp-json\/wp\/v2\/posts\/29753\/revisions"}],"predecessor-version":[{"id":29755,"href":"https:\/\/vocesparalelas.com.ar\/sitio\/wp-json\/wp\/v2\/posts\/29753\/revisions\/29755"}],"wp:featuredmedia":[{"embeddable":true,"href":"https:\/\/vocesparalelas.com.ar\/sitio\/wp-json\/wp\/v2\/media\/29754"}],"wp:attachment":[{"href":"https:\/\/vocesparalelas.com.ar\/sitio\/wp-json\/wp\/v2\/media?parent=29753"}],"wp:term":[{"taxonomy":"category","embeddable":true,"href":"https:\/\/vocesparalelas.com.ar\/sitio\/wp-json\/wp\/v2\/categories?post=29753"},{"taxonomy":"post_tag","embeddable":true,"href":"https:\/\/vocesparalelas.com.ar\/sitio\/wp-json\/wp\/v2\/tags?post=29753"}],"curies":[{"name":"wp","href":"https:\/\/api.w.org\/{rel}","templated":true}]}}