{"id":29742,"date":"2020-07-17T20:27:22","date_gmt":"2020-07-17T23:27:22","guid":{"rendered":"http:\/\/vocesparalelas.com.ar\/sitio\/?p=29742"},"modified":"2020-07-18T11:37:50","modified_gmt":"2020-07-18T14:37:50","slug":"hacia-el-proyecto-de-ley-de-endometriosis","status":"publish","type":"post","link":"https:\/\/vocesparalelas.com.ar\/sitio\/hacia-el-proyecto-de-ley-de-endometriosis\/","title":{"rendered":"Hacia el Proyecto de Ley de Endometriosis"},"content":{"rendered":"<div dir=\"auto\">\n<div dir=\"auto\">El Intendente de la Municipalidad de Rivadavia, Dr. Fabi\u00e1n Mart\u00edn se reuni\u00f3 con integrantes de Endometrosis San Juan para interiorizarse sobre el Proyecto de Ley de Endometriosis que fue presentado en la C\u00e1mara de Diputados en Marzo.<\/div>\n<div dir=\"auto\"><\/div>\n<div dir=\"auto\">Adem\u00e1s le comentaron sobre c\u00f3mo es vivir con esta enfermedad de la que no se tiene mucha informaci\u00f3n.<\/div>\n<div dir=\"auto\"><\/div>\n<div dir=\"auto\">El proyecto, que fue ingresado a la C\u00e1mara por la Diputada Dra. Nancy Picon, tiene como objetivo generar una herramienta que permita informar y concientizar sobre el tratamiento de la endometriosis, con la intenci\u00f3n de que la misma pueda ser detectada con antelaci\u00f3n y que esto permita que las mujeres que la padecen tengan una mejora en la calidad de vida evitando as\u00ed tratamientos invasivos.<\/div>\n<div dir=\"auto\"><\/div>\n<div dir=\"auto\">Adem\u00e1s busca la incorporaci\u00f3n al Programa M\u00e9dico Obligatorio &#8211; P.M.O &#8211; de la detecci\u00f3n, diagn\u00f3stico, control, tratamiento, f\u00e1rmacos y terapias de apoyo necesarias para el abordaje de la endometriosis, que le permitan acceder a todas las mujeres a los mejores profesionales en la materia.<\/div>\n<\/div>\n<div dir=\"auto\"><\/div>\n<div dir=\"auto\"><img loading=\"lazy\" decoding=\"async\" class=\"alignnone wp-image-29743 size-full\" src=\"https:\/\/vocesparalelas.com.ar\/sitio\/wp-content\/uploads\/2020\/07\/ENDOMETROSOS-01.jpg\" alt=\"\" width=\"800\" height=\"600\" srcset=\"https:\/\/vocesparalelas.com.ar\/sitio\/wp-content\/uploads\/2020\/07\/ENDOMETROSOS-01.jpg 800w, https:\/\/vocesparalelas.com.ar\/sitio\/wp-content\/uploads\/2020\/07\/ENDOMETROSOS-01-300x225.jpg 300w, https:\/\/vocesparalelas.com.ar\/sitio\/wp-content\/uploads\/2020\/07\/ENDOMETROSOS-01-768x576.jpg 768w\" sizes=\"auto, (max-width: 800px) 100vw, 800px\" \/><\/div>\n<div dir=\"auto\"><\/div>\n","protected":false},"excerpt":{"rendered":"<p>El Intendente de la Municipalidad de Rivadavia, Dr. Fabi\u00e1n Mart\u00edn se reuni\u00f3 con integrantes de Endometrosis San Juan para interiorizarse<\/p>\n","protected":false},"author":3,"featured_media":29746,"comment_status":"closed","ping_status":"closed","sticky":false,"template":"","format":"standard","meta":{"_acf_changed":false,"_seopress_robots_primary_cat":"","_seopress_titles_title":"","_seopress_titles_desc":"","_seopress_robots_index":"","colormag_page_container_layout":"default_layout","colormag_page_sidebar_layout":"default_layout","footnotes":""},"categories":[5],"tags":[],"class_list":["post-29742","post","type-post","status-publish","format-standard","has-post-thumbnail","hentry","category-ofrecimientos"],"acf":[],"_links":{"self":[{"href":"https:\/\/vocesparalelas.com.ar\/sitio\/wp-json\/wp\/v2\/posts\/29742","targetHints":{"allow":["GET"]}}],"collection":[{"href":"https:\/\/vocesparalelas.com.ar\/sitio\/wp-json\/wp\/v2\/posts"}],"about":[{"href":"https:\/\/vocesparalelas.com.ar\/sitio\/wp-json\/wp\/v2\/types\/post"}],"author":[{"embeddable":true,"href":"https:\/\/vocesparalelas.com.ar\/sitio\/wp-json\/wp\/v2\/users\/3"}],"replies":[{"embeddable":true,"href":"https:\/\/vocesparalelas.com.ar\/sitio\/wp-json\/wp\/v2\/comments?post=29742"}],"version-history":[{"count":1,"href":"https:\/\/vocesparalelas.com.ar\/sitio\/wp-json\/wp\/v2\/posts\/29742\/revisions"}],"predecessor-version":[{"id":29745,"href":"https:\/\/vocesparalelas.com.ar\/sitio\/wp-json\/wp\/v2\/posts\/29742\/revisions\/29745"}],"wp:featuredmedia":[{"embeddable":true,"href":"https:\/\/vocesparalelas.com.ar\/sitio\/wp-json\/wp\/v2\/media\/29746"}],"wp:attachment":[{"href":"https:\/\/vocesparalelas.com.ar\/sitio\/wp-json\/wp\/v2\/media?parent=29742"}],"wp:term":[{"taxonomy":"category","embeddable":true,"href":"https:\/\/vocesparalelas.com.ar\/sitio\/wp-json\/wp\/v2\/categories?post=29742"},{"taxonomy":"post_tag","embeddable":true,"href":"https:\/\/vocesparalelas.com.ar\/sitio\/wp-json\/wp\/v2\/tags?post=29742"}],"curies":[{"name":"wp","href":"https:\/\/api.w.org\/{rel}","templated":true}]}}