{"id":29737,"date":"2020-07-17T22:47:42","date_gmt":"2020-07-18T01:47:42","guid":{"rendered":"http:\/\/vocesparalelas.com.ar\/sitio\/?p=29737"},"modified":"2020-07-20T21:39:14","modified_gmt":"2020-07-21T00:39:14","slug":"26-anos-del-atentado-a-la-amia-no-se-borra","status":"publish","type":"post","link":"https:\/\/vocesparalelas.com.ar\/sitio\/26-anos-del-atentado-a-la-amia-no-se-borra\/","title":{"rendered":"26 a\u00f1os del atentado a la AMIA \u00abNo se borra\u00bb"},"content":{"rendered":"<p>El cantante y guitarrista Mateo Sujatovich, l\u00edder de la banda Conociendo Rusia, compuso \u00abNo se borra\u00bb, que \u00abreivindica el valor de la memoria\u00bb y, adem\u00e1s, se present\u00f3 un video del tema en el que participaron los m\u00fasicos Le\u00f3n Gieco y Zoe Gotusso.<\/p>\n<p>El productor general del proyecto y director del \u00e1rea de Arte y Producci\u00f3n de AMIA, Elio Kapszuk, manifest\u00f3 que \u00abal escuchar la canci\u00f3n tuvimos la sensaci\u00f3n de que la letra le hab\u00eda brotado y que abordaba precisamente la idea que le planteamos: la memoria es una herramienta de construcci\u00f3n de futuro y no una fuerza que te tira para atr\u00e1s como algunos pretenden instalar\u201d.<\/p>\n<p><iframe loading=\"lazy\" title=\"&quot;No se borra&quot;. Por los muertos en la AMIA\" width=\"800\" height=\"450\" src=\"https:\/\/www.youtube.com\/embed\/-h8gB-E8CCA?feature=oembed\" frameborder=\"0\" allow=\"accelerometer; autoplay; encrypted-media; gyroscope; picture-in-picture\" allowfullscreen><\/iframe><\/p>\n<p>&nbsp;<\/p>\n<p>En tanto, Sujatovich consider\u00f3 que la canci\u00f3n \u00ables puede permitir a los m\u00e1s j\u00f3venes hacer memoria y, as\u00ed, seguir pidiendo justicia por un acto terrorista que todav\u00eda no tiene culpables\u00bb.<\/p>\n<p>\u00abFue muy fuerte que me convoquen para hacer esta canci\u00f3n: movi\u00f3 un mont\u00f3n de recuerdos e historias que me cont\u00f3 mi familia cuando sal\u00eda el tema de la AMIA y c\u00f3mo hab\u00eda sido, d\u00f3nde estaban, si hab\u00edan tenido amigos o familia ah\u00ed\u00bb, cont\u00f3 el artista.<\/p>\n<p>Por su parte, Gotusso se\u00f1al\u00f3 que, con su participaci\u00f3n hace \u00abpropio el dolor de los que ya no est\u00e1n\u00bb y expres\u00f3 que es \u00abfundamental ayudar a recordar con la voz y las palabras, en especial para muchas personas de mi generaci\u00f3n que no saben lo que ocurri\u00f3\u00bb.<\/p>\n<p>El video, que forma parte de las acciones que la AMIA realiza para mantener viva la memoria y el reclamo de justicia, est\u00e1 disponible para ver y compartir en las redes sociales de la instituci\u00f3n.<\/p>\n<p><img loading=\"lazy\" decoding=\"async\" class=\"alignnone wp-image-29740 size-full\" src=\"https:\/\/vocesparalelas.com.ar\/sitio\/wp-content\/uploads\/2020\/07\/NO-SE-BORRA-02.jpg\" alt=\"\" width=\"800\" height=\"449\" srcset=\"https:\/\/vocesparalelas.com.ar\/sitio\/wp-content\/uploads\/2020\/07\/NO-SE-BORRA-02.jpg 800w, https:\/\/vocesparalelas.com.ar\/sitio\/wp-content\/uploads\/2020\/07\/NO-SE-BORRA-02-300x168.jpg 300w, https:\/\/vocesparalelas.com.ar\/sitio\/wp-content\/uploads\/2020\/07\/NO-SE-BORRA-02-768x431.jpg 768w\" sizes=\"auto, (max-width: 800px) 100vw, 800px\" \/><\/p>\n<p>Fuente: Telam<\/p>\n","protected":false},"excerpt":{"rendered":"<p>El cantante y guitarrista Mateo Sujatovich, l\u00edder de la banda Conociendo Rusia, compuso \u00abNo se borra\u00bb, que \u00abreivindica el valor<\/p>\n","protected":false},"author":3,"featured_media":29738,"comment_status":"closed","ping_status":"closed","sticky":false,"template":"","format":"video","meta":{"_acf_changed":false,"_seopress_robots_primary_cat":"","_seopress_titles_title":"","_seopress_titles_desc":"","_seopress_robots_index":"","colormag_page_container_layout":"default_layout","colormag_page_sidebar_layout":"default_layout","footnotes":""},"categories":[10,7],"tags":[],"class_list":["post-29737","post","type-post","status-publish","format-video","has-post-thumbnail","hentry","category-opiniones","category-videos","post_format-post-format-video"],"acf":[],"_links":{"self":[{"href":"https:\/\/vocesparalelas.com.ar\/sitio\/wp-json\/wp\/v2\/posts\/29737","targetHints":{"allow":["GET"]}}],"collection":[{"href":"https:\/\/vocesparalelas.com.ar\/sitio\/wp-json\/wp\/v2\/posts"}],"about":[{"href":"https:\/\/vocesparalelas.com.ar\/sitio\/wp-json\/wp\/v2\/types\/post"}],"author":[{"embeddable":true,"href":"https:\/\/vocesparalelas.com.ar\/sitio\/wp-json\/wp\/v2\/users\/3"}],"replies":[{"embeddable":true,"href":"https:\/\/vocesparalelas.com.ar\/sitio\/wp-json\/wp\/v2\/comments?post=29737"}],"version-history":[{"count":1,"href":"https:\/\/vocesparalelas.com.ar\/sitio\/wp-json\/wp\/v2\/posts\/29737\/revisions"}],"predecessor-version":[{"id":29741,"href":"https:\/\/vocesparalelas.com.ar\/sitio\/wp-json\/wp\/v2\/posts\/29737\/revisions\/29741"}],"wp:featuredmedia":[{"embeddable":true,"href":"https:\/\/vocesparalelas.com.ar\/sitio\/wp-json\/wp\/v2\/media\/29738"}],"wp:attachment":[{"href":"https:\/\/vocesparalelas.com.ar\/sitio\/wp-json\/wp\/v2\/media?parent=29737"}],"wp:term":[{"taxonomy":"category","embeddable":true,"href":"https:\/\/vocesparalelas.com.ar\/sitio\/wp-json\/wp\/v2\/categories?post=29737"},{"taxonomy":"post_tag","embeddable":true,"href":"https:\/\/vocesparalelas.com.ar\/sitio\/wp-json\/wp\/v2\/tags?post=29737"}],"curies":[{"name":"wp","href":"https:\/\/api.w.org\/{rel}","templated":true}]}}