{"id":29725,"date":"2020-07-17T20:03:59","date_gmt":"2020-07-17T23:03:59","guid":{"rendered":"http:\/\/vocesparalelas.com.ar\/sitio\/?p=29725"},"modified":"2020-07-17T20:13:28","modified_gmt":"2020-07-17T23:13:28","slug":"hacia-la-ley-de-espacios-culturales-arte-callejero-y-uso-del-espacio-publico-entre-los-ejes-en-el-acuerdo-san-juan","status":"publish","type":"post","link":"https:\/\/vocesparalelas.com.ar\/sitio\/hacia-la-ley-de-espacios-culturales-arte-callejero-y-uso-del-espacio-publico-entre-los-ejes-en-el-acuerdo-san-juan\/","title":{"rendered":"Hacia la Ley de espacios culturales, arte callejero y uso del espacio p\u00fablico, entre los ejes en el Acuerdo San Juan"},"content":{"rendered":"<p>Representantes del \u00e1mbito cultural de la Capital aportaron sus ideas para sumar a la construcci\u00f3n de una nueva realidad de pospandemia, en el marco de las mesas sectoriales municipales del Acuerdo San Juan.<\/p>\n<p>Entre las principales tem\u00e1ticas estuvieron la Ley de Espacios Culturales, mecenazgos, difusi\u00f3n de los artistas sanjuaninos, descriminalizaci\u00f3n del arte callejero, reglamentaci\u00f3n del espacio p\u00fablico y la creaci\u00f3n de un registro de hacedores culturales.<\/p>\n<p>La secretaria de Cultura, Turismo y Educaci\u00f3n, Dra. Sandra Barcel\u00f3, dio la bienvenida a los presentes y reflexion\u00f3 sobre la actualidad del sector. \u201cLamentablemente nuestra actividad es de las m\u00e1s golpeadas y la que todav\u00eda no puede desplegar todas sus acciones. Por eso, estamos felices de que est\u00e9n acompa\u00f1\u00e1ndonos para repensar nuestro futuro\u00bb.<\/p>\n<p>La funcionaria tambi\u00e9n destac\u00f3 que afortunadamente \u201ctodas las propuestas culturales sugeridas por las instituciones durante la pandemia fueron muy bien recibidas. Pero es verdad que tambi\u00e9n necesitamos del contacto con el otro. Las redes sociales han reinventado nuestra actividad desde la mirada del otro\u201d.<\/p>\n<p>Antes de conceder la palabra destac\u00f3, que \u201cseg\u00fan nuestro gobernador Sergio U\u00f1ac, todos apuntamos al 1 de septiembre para visibilizar las conclusiones de esta serie de encuentros y desde all\u00ed repensar nuevas pol\u00edticas p\u00fablicas \u201d.<\/p>\n<p>Uno de los primeros en compartir sus aportes fue Sebasti\u00e1n Espejo, representante de centros culturales y de la Asociaci\u00f3n Civil de M\u00fasicos Autoconvocados (OMA). Cont\u00f3 la necesidad de la existencia de la ley de espacios culturales. \u201cEs urgente generar una reglamentaci\u00f3n para este sector ya que el 80% de los espacios culturales son clandestinos\u201d, destac\u00f3.<\/p>\n<p>Tanto la muralista Agustina Cantoni, por parte de los artistas callejeros, Ana Maturano del Paseo Artesano, como Eugenia Alba y Guadalupe Daneri de colectivos textiles, destacaron como una gran problem\u00e1tica el uso del espacio p\u00fablico y la necesidad de reglamentaci\u00f3n para evitar la criminalizaci\u00f3n de artistas.<\/p>\n<p>Ana Pelichotti, vicerectora de la ENERC, representando al \u00e1mbito audiovisual; sugiri\u00f3 la creaci\u00f3n de una Film Commission \u201cque nos invite a repensar la ciudad de San Juan como un espacio para generar producciones audiovisuales\u201d.<\/p>\n<p>Tambi\u00e9n Dami\u00e1n L\u00f3pez, editor de \u00abEl Andamio Ediciones\u00bb y docente universitario propuso la creaci\u00f3n de un Consejo Consultivos de Artistas para tomar pr\u00f3ximas decisiones.<\/p>\n<p>Mat\u00edas Moreno de la asociaci\u00f3n de m\u00fasicos ACMIS, apost\u00f3 por la pronta aprobaci\u00f3n de protocolos y por la regulaci\u00f3n del trabajo por streaming y los espect\u00e1culos en vivo en formato similar al autocine.<\/p>\n<p>Para finalizar, la secretaria de Cultura, Sandra Barcel\u00f3, realiz\u00f3 algunas devoluciones y precisiones sobre los temas abordados. \u00abQueremos agradecerles el debate e informarles que la Secretar\u00eda de Cultura, Turismo y Educaci\u00f3n de Capital durante la pandemia estuvo trabajando en una ordenanza sobre artesanos y la utilizaci\u00f3n de los espacios p\u00fablicos\u201d. Y adem\u00e1s destac\u00f3: \u201cqueremos comunicarles que ya estamos trabajando en la ley de Espacios Culturales con nuestra representante en la legislatura Celina Ramella y previendo algunas modificaciones para presentarla\u201d.<\/p>\n<p>Al cierre del encuentro, se dio un interesante debate y se eligieron los representantes de la nueva mesa interesectorial.<\/p>\n<p>Cabe destacar que en la reuni\u00f3n estuvieron presentes el director de Turismo Mariano Graffigna, la directora del Centro Cultural Estaci\u00f3n San Mart\u00edn Jamile Apara y el subdirector del Cine Teatro Municipal Javier G\u00f3mez.<\/p>\n<p><img loading=\"lazy\" decoding=\"async\" class=\"alignnone wp-image-29727 size-full\" src=\"https:\/\/vocesparalelas.com.ar\/sitio\/wp-content\/uploads\/2020\/07\/ASJ-CULTURA-02.jpg\" alt=\"\" width=\"800\" height=\"527\" srcset=\"https:\/\/vocesparalelas.com.ar\/sitio\/wp-content\/uploads\/2020\/07\/ASJ-CULTURA-02.jpg 800w, https:\/\/vocesparalelas.com.ar\/sitio\/wp-content\/uploads\/2020\/07\/ASJ-CULTURA-02-300x198.jpg 300w, https:\/\/vocesparalelas.com.ar\/sitio\/wp-content\/uploads\/2020\/07\/ASJ-CULTURA-02-768x506.jpg 768w\" sizes=\"auto, (max-width: 800px) 100vw, 800px\" \/><\/p>\n<p><img loading=\"lazy\" decoding=\"async\" class=\"alignnone wp-image-29726 size-full\" src=\"https:\/\/vocesparalelas.com.ar\/sitio\/wp-content\/uploads\/2020\/07\/ASJ-CULTURA-01.jpg\" alt=\"\" width=\"800\" height=\"532\" srcset=\"https:\/\/vocesparalelas.com.ar\/sitio\/wp-content\/uploads\/2020\/07\/ASJ-CULTURA-01.jpg 800w, https:\/\/vocesparalelas.com.ar\/sitio\/wp-content\/uploads\/2020\/07\/ASJ-CULTURA-01-300x200.jpg 300w, https:\/\/vocesparalelas.com.ar\/sitio\/wp-content\/uploads\/2020\/07\/ASJ-CULTURA-01-768x511.jpg 768w\" sizes=\"auto, (max-width: 800px) 100vw, 800px\" \/><\/p>\n<p><img loading=\"lazy\" decoding=\"async\" class=\"alignnone wp-image-29104 size-full\" src=\"https:\/\/vocesparalelas.com.ar\/sitio\/wp-content\/uploads\/2020\/06\/ACUERDO-SAN-JUAN-LOGO.jpg\" alt=\"\" width=\"800\" height=\"432\" srcset=\"https:\/\/vocesparalelas.com.ar\/sitio\/wp-content\/uploads\/2020\/06\/ACUERDO-SAN-JUAN-LOGO.jpg 800w, https:\/\/vocesparalelas.com.ar\/sitio\/wp-content\/uploads\/2020\/06\/ACUERDO-SAN-JUAN-LOGO-300x162.jpg 300w, https:\/\/vocesparalelas.com.ar\/sitio\/wp-content\/uploads\/2020\/06\/ACUERDO-SAN-JUAN-LOGO-768x415.jpg 768w\" sizes=\"auto, (max-width: 800px) 100vw, 800px\" \/><\/p>\n","protected":false},"excerpt":{"rendered":"<p>Representantes del \u00e1mbito cultural de la Capital aportaron sus ideas para sumar a la construcci\u00f3n de una nueva realidad de<\/p>\n","protected":false},"author":3,"featured_media":29728,"comment_status":"closed","ping_status":"closed","sticky":false,"template":"","format":"standard","meta":{"_acf_changed":false,"_seopress_robots_primary_cat":"","_seopress_titles_title":"","_seopress_titles_desc":"","_seopress_robots_index":"","colormag_page_container_layout":"default_layout","colormag_page_sidebar_layout":"default_layout","footnotes":""},"categories":[1],"tags":[],"class_list":["post-29725","post","type-post","status-publish","format-standard","has-post-thumbnail","hentry","category-destacadas"],"acf":[],"_links":{"self":[{"href":"https:\/\/vocesparalelas.com.ar\/sitio\/wp-json\/wp\/v2\/posts\/29725","targetHints":{"allow":["GET"]}}],"collection":[{"href":"https:\/\/vocesparalelas.com.ar\/sitio\/wp-json\/wp\/v2\/posts"}],"about":[{"href":"https:\/\/vocesparalelas.com.ar\/sitio\/wp-json\/wp\/v2\/types\/post"}],"author":[{"embeddable":true,"href":"https:\/\/vocesparalelas.com.ar\/sitio\/wp-json\/wp\/v2\/users\/3"}],"replies":[{"embeddable":true,"href":"https:\/\/vocesparalelas.com.ar\/sitio\/wp-json\/wp\/v2\/comments?post=29725"}],"version-history":[{"count":2,"href":"https:\/\/vocesparalelas.com.ar\/sitio\/wp-json\/wp\/v2\/posts\/29725\/revisions"}],"predecessor-version":[{"id":29730,"href":"https:\/\/vocesparalelas.com.ar\/sitio\/wp-json\/wp\/v2\/posts\/29725\/revisions\/29730"}],"wp:featuredmedia":[{"embeddable":true,"href":"https:\/\/vocesparalelas.com.ar\/sitio\/wp-json\/wp\/v2\/media\/29728"}],"wp:attachment":[{"href":"https:\/\/vocesparalelas.com.ar\/sitio\/wp-json\/wp\/v2\/media?parent=29725"}],"wp:term":[{"taxonomy":"category","embeddable":true,"href":"https:\/\/vocesparalelas.com.ar\/sitio\/wp-json\/wp\/v2\/categories?post=29725"},{"taxonomy":"post_tag","embeddable":true,"href":"https:\/\/vocesparalelas.com.ar\/sitio\/wp-json\/wp\/v2\/tags?post=29725"}],"curies":[{"name":"wp","href":"https:\/\/api.w.org\/{rel}","templated":true}]}}