{"id":29721,"date":"2020-07-17T19:34:18","date_gmt":"2020-07-17T22:34:18","guid":{"rendered":"http:\/\/vocesparalelas.com.ar\/sitio\/?p=29721"},"modified":"2020-07-17T19:34:18","modified_gmt":"2020-07-17T22:34:18","slug":"se-lanzo-el-voluntariado-social-san-juan","status":"publish","type":"post","link":"https:\/\/vocesparalelas.com.ar\/sitio\/se-lanzo-el-voluntariado-social-san-juan\/","title":{"rendered":"Se lanz\u00f3 el Voluntariado Social San Juan"},"content":{"rendered":"<p>En el Auditorio Eloy Camus, del Centro C\u00edvico, el Ministerio de Desarrollo Humano y Promoci\u00f3n Social del Gobierno de San Juan a trav\u00e9s de la Subsecretaria de Articulaci\u00f3n y Abordaje Territorial puso en marcha el Voluntariado Social San Juan, producto de una profunda necesidad de crear y capacitar voluntarios capaces de asistir y contener a personas afectadas ante situaciones de emergencia y\/o desastres naturales o antr\u00f3picos.<\/p>\n<p>Participaron del acto lanzamiento el gobernador Dr. Sergio U\u00f1ac, el ministro de Desarrollo Humano y Promoci\u00f3n Social, Prof. Fabi\u00e1n Aballay; el subsecretario de Articulaci\u00f3n y Abordaje Territorial, Cristian Morales, entre otras autoridades ministeriales.<\/p>\n<p><img loading=\"lazy\" decoding=\"async\" class=\"alignnone wp-image-29722 size-full\" src=\"https:\/\/vocesparalelas.com.ar\/sitio\/wp-content\/uploads\/2020\/07\/VOLUNTARIADO-SAN-JUAN-01.jpg\" alt=\"\" width=\"800\" height=\"481\" srcset=\"https:\/\/vocesparalelas.com.ar\/sitio\/wp-content\/uploads\/2020\/07\/VOLUNTARIADO-SAN-JUAN-01.jpg 800w, https:\/\/vocesparalelas.com.ar\/sitio\/wp-content\/uploads\/2020\/07\/VOLUNTARIADO-SAN-JUAN-01-300x180.jpg 300w, https:\/\/vocesparalelas.com.ar\/sitio\/wp-content\/uploads\/2020\/07\/VOLUNTARIADO-SAN-JUAN-01-768x462.jpg 768w\" sizes=\"auto, (max-width: 800px) 100vw, 800px\" \/><\/p>\n<p>Al inicio de su alocuci\u00f3n, el gobernador se mostr\u00f3 decidido a ponerse \u00abcodo a codo con este ej\u00e9rcito de voluntarios para anticiparnos y planificar situaciones que en muchas ocasiones no dependen de la voluntad humana, muchas dependen de la naturaleza, pero en definitiva son situaciones que nosotros debemos prever\u201d.<\/p>\n<p>\u00abSe ha puesto en discusi\u00f3n si la salida o la salvaci\u00f3n de la humanidad es individual o colectiva, creo que hoy no queda m\u00e1s espacio para el an\u00e1lisis. La salida ser\u00e1 social o no ser\u00e1 salida y este voluntariado puede dar un marco de ejemplo muy importante a toda la sociedad sanjuanina\u00bb, analiz\u00f3.<\/p>\n<p>El objetivo principal del programa es organizar acciones de colaboraci\u00f3n a fin de incrementar la capacidad operativa y t\u00e9cnica de la provincia, logrando, de este modo un acompa\u00f1amiento psicosocial en la reinserci\u00f3n de las personas a la vida cotidiana.<\/p>\n<p>Por su parte el ministro Aballay a\u00f1adi\u00f3 que \u00abla propuesta que se realiza desde el Gobierno a las instituciones tiene que ver con la organizaci\u00f3n que llevaremos adelante ante distintas cat\u00e1strofes o desastres que podamos tener\u00bb.<\/p>\n<p>\u00abLograr articular esfuerzos llegado ese momento que nadie quisiera vivir, pero es probable que suceda alguna situaci\u00f3n desafortunada y nada mejor que podamos avanzar en la organizaci\u00f3n y los distintos aspectos del mismo\u201d, sum\u00f3 en la misma l\u00ednea que el gobernador.<\/p>\n<p>Posteriormente, agradeci\u00f3 a las entidades que nuclean a los voluntarios que \u00abconsidero que cada uno de ustedes, C\u00e1ritas, Cruz Rojas, Scout Argentina, Cascos blancos, siempre han puesto de manifiesto su esp\u00edritu solidario, su compromiso social para trabajar y para actuar en distintas situaciones de asistencia fundamentalmente\u201d y coment\u00f3 sobre la importancia de trabajar anticipadamente , al afirmar que \u201ces muy bueno que estemos organizados ante la posibilidad de que se genere un evento de esta magnitud o esta particularidad. Sobre todo en una provincia sumamente s\u00edsmica que cada tanto tenemos alguna cuesti\u00f3n importante en la cual debamos asistir de manera conjunta, articulada y organizada. Es lo que hoy planteamos desde gobierno en conjunto con el gobernador que comparte esta iniciativa desde el primer momento\u201d.<\/p>\n<p>\u201cA partir de la uni\u00f3n de voluntades, de consensos, de cuestiones particulares que nos une a cada uno de nosotros podemos construir cosas muy importantes para el futuro de San Juan\u00bb, dijo el titular de la cartera social.<\/p>\n<p>En este contexto el subsecretario de Articulaci\u00f3n y Abordaje Territorial, Cristian Morales, destac\u00f3 la importancia de dicho lanzamiento al decir que \u201choy tenemos la dicha de poder presenciar el nacimiento de una herramienta que converge un concejo permanente que tiene cuatro patas: el Estado, a trav\u00e9s del Ministerio de Desarrollo Humano; y tres instituciones como lo son Scout, C\u00e1ritas y Cruz Roja con un historial nacional e internacional que avala la experiencia de haber actuado en estas situaciones en otros lugares del mundo y con la novedad de que Cascos Blancos de canciller\u00eda argentina, el mayor voluntariado humanitario del mundo que articula con la ONU, va a ser quien tomar\u00e1 la figura de tutor t\u00e9cnico para brindarnos capacitaciones que hagan a una mejor formaci\u00f3n a todos los que vamos a ser parte de esto\u201d.<\/p>\n<p>&nbsp;<\/p>\n<p><iframe loading=\"lazy\" title=\"U\u00f1ac encabez\u00f3 el lanzamiento del Voluntariado Social San Juan\" width=\"800\" height=\"450\" src=\"https:\/\/www.youtube.com\/embed\/KeYFI7ou1pc?feature=oembed\" frameborder=\"0\" allow=\"accelerometer; autoplay; encrypted-media; gyroscope; picture-in-picture\" allowfullscreen><\/iframe><\/p>\n<p><span style=\"color: #008000;\"><strong>Sobre el Desarrollo y organizaci\u00f3n del Voluntariado<\/strong><\/span><\/p>\n<p>Para llevar a cabo dicho programa se establece la conformaci\u00f3n de un \u201cConsejo Permanente\u201d constituido por instituciones con trayectoria, experiencia y fundamentalmente capacitadas en situaciones de emergencia y\/o desastres, como lo son C\u00e1ritas Argentina, Scout Argentina, Cruz Roja Argentina.<\/p>\n<p>Para el desarrollo y organizaci\u00f3n del Voluntariado se tienen en cuenta la Fase Pre Emergencia en donde se trata la previsi\u00f3n y prevenci\u00f3n, la Fase de Emergencia en la cual se trabaja sobre una valoraci\u00f3n de las situaciones de necesidades que se produzcan en una determinada situaci\u00f3n, se realizar\u00e1n tareas de contenci\u00f3n y apoyo emocional, tareas de informaci\u00f3n a los afectados\/as y familiares, se ejecuta la gesti\u00f3n de las prestaciones b\u00e1sicas de supervivencia para los afectados; y en la Fase de Pos Emergencia se trabaja puntualmente con los afectados, los familiares, la comunidad y con los organismos intervinientes, con el fin de reconstruir el tejido social y la vida personal de los afectados.<\/p>\n<p>El Ministerio de Desarrollo Humano y Promoci\u00f3n Social tiene la responsabilidad primaria en tres protocolos ante emergencias seg\u00fan el Plan S\u00edsmico San Juan: Administraci\u00f3n de Albergues, Log\u00edstica Humanitaria y Suministro de Alimentos<\/p>\n","protected":false},"excerpt":{"rendered":"<p>En el Auditorio Eloy Camus, del Centro C\u00edvico, el Ministerio de Desarrollo Humano y Promoci\u00f3n Social del Gobierno de San<\/p>\n","protected":false},"author":3,"featured_media":29723,"comment_status":"closed","ping_status":"closed","sticky":false,"template":"","format":"standard","meta":{"_acf_changed":false,"_seopress_robots_primary_cat":"","_seopress_titles_title":"","_seopress_titles_desc":"","_seopress_robots_index":"","colormag_page_container_layout":"default_layout","colormag_page_sidebar_layout":"default_layout","footnotes":""},"categories":[1],"tags":[],"class_list":["post-29721","post","type-post","status-publish","format-standard","has-post-thumbnail","hentry","category-destacadas"],"acf":[],"_links":{"self":[{"href":"https:\/\/vocesparalelas.com.ar\/sitio\/wp-json\/wp\/v2\/posts\/29721","targetHints":{"allow":["GET"]}}],"collection":[{"href":"https:\/\/vocesparalelas.com.ar\/sitio\/wp-json\/wp\/v2\/posts"}],"about":[{"href":"https:\/\/vocesparalelas.com.ar\/sitio\/wp-json\/wp\/v2\/types\/post"}],"author":[{"embeddable":true,"href":"https:\/\/vocesparalelas.com.ar\/sitio\/wp-json\/wp\/v2\/users\/3"}],"replies":[{"embeddable":true,"href":"https:\/\/vocesparalelas.com.ar\/sitio\/wp-json\/wp\/v2\/comments?post=29721"}],"version-history":[{"count":1,"href":"https:\/\/vocesparalelas.com.ar\/sitio\/wp-json\/wp\/v2\/posts\/29721\/revisions"}],"predecessor-version":[{"id":29724,"href":"https:\/\/vocesparalelas.com.ar\/sitio\/wp-json\/wp\/v2\/posts\/29721\/revisions\/29724"}],"wp:featuredmedia":[{"embeddable":true,"href":"https:\/\/vocesparalelas.com.ar\/sitio\/wp-json\/wp\/v2\/media\/29723"}],"wp:attachment":[{"href":"https:\/\/vocesparalelas.com.ar\/sitio\/wp-json\/wp\/v2\/media?parent=29721"}],"wp:term":[{"taxonomy":"category","embeddable":true,"href":"https:\/\/vocesparalelas.com.ar\/sitio\/wp-json\/wp\/v2\/categories?post=29721"},{"taxonomy":"post_tag","embeddable":true,"href":"https:\/\/vocesparalelas.com.ar\/sitio\/wp-json\/wp\/v2\/tags?post=29721"}],"curies":[{"name":"wp","href":"https:\/\/api.w.org\/{rel}","templated":true}]}}