{"id":29719,"date":"2020-07-17T19:21:00","date_gmt":"2020-07-17T22:21:00","guid":{"rendered":"http:\/\/vocesparalelas.com.ar\/sitio\/?p=29719"},"modified":"2020-07-21T22:06:06","modified_gmt":"2020-07-22T01:06:06","slug":"obra-social-provincia-amplia-la-atencion-al-publico","status":"publish","type":"post","link":"https:\/\/vocesparalelas.com.ar\/sitio\/obra-social-provincia-amplia-la-atencion-al-publico\/","title":{"rendered":"Obra Social Provincia ampl\u00eda la atenci\u00f3n al p\u00fablico"},"content":{"rendered":"<p>Con el objetivo de poder atender a los afiliados en horario vespertino, Obra Social Provincia cuenta desde el 13 de Julio con atenci\u00f3n al p\u00fablico en sus oficinas, siguiendo la disposici\u00f3n que tom\u00f3 el Poder Ejecutivo provincial para todas las \u00e1reas de Gobierno.<\/p>\n<p>Es as\u00ed que el \u00e1rea de Auditor\u00eda M\u00e9dica para realizaci\u00f3n de tr\u00e1mites o autorizaciones de pr\u00e1cticas m\u00e9dicas, atiende desde este 13 de Julio,\u00a0de\u00a07.30 a 12.30\u00a0hs.; y de 14.30 a 19.30 hs.<\/p>\n<p>En tanto, las \u00e1reas de delegaci\u00f3n en Centro C\u00edvico y Mesa de Informes en sede central; como as\u00ed tambi\u00e9n Mesa de Entradas y Afiliaciones atender\u00e1n de tarde a partir del Lunes,\u00a020 de Julio,\u00a0de 7.30 a 12.30 hs.; y de 14.30 a 19.30 hs.<\/p>\n<p>Recordamos que los afiliados pueden comunicarse con personal de OSP v\u00eda WhatsApp a los n\u00fameros que figuran en el link<\/p>\n<p><a href=\"http:\/\/www.obrasocial.sanjuan.gov.ar\/dos\/-QuedateEnCasa\">http:\/\/www.obrasocial.sanjuan.gov.ar\/dos\/-QuedateEnCasa<\/a><\/p>\n","protected":false},"excerpt":{"rendered":"<p>Con el objetivo de poder atender a los afiliados en horario vespertino, Obra Social Provincia cuenta desde el 13 de<\/p>\n","protected":false},"author":3,"featured_media":10321,"comment_status":"closed","ping_status":"closed","sticky":false,"template":"","format":"standard","meta":{"_acf_changed":false,"_seopress_robots_primary_cat":"","_seopress_titles_title":"","_seopress_titles_desc":"","_seopress_robots_index":"","colormag_page_container_layout":"default_layout","colormag_page_sidebar_layout":"default_layout","footnotes":""},"categories":[6],"tags":[],"class_list":["post-29719","post","type-post","status-publish","format-standard","has-post-thumbnail","hentry","category-eventos"],"acf":[],"_links":{"self":[{"href":"https:\/\/vocesparalelas.com.ar\/sitio\/wp-json\/wp\/v2\/posts\/29719","targetHints":{"allow":["GET"]}}],"collection":[{"href":"https:\/\/vocesparalelas.com.ar\/sitio\/wp-json\/wp\/v2\/posts"}],"about":[{"href":"https:\/\/vocesparalelas.com.ar\/sitio\/wp-json\/wp\/v2\/types\/post"}],"author":[{"embeddable":true,"href":"https:\/\/vocesparalelas.com.ar\/sitio\/wp-json\/wp\/v2\/users\/3"}],"replies":[{"embeddable":true,"href":"https:\/\/vocesparalelas.com.ar\/sitio\/wp-json\/wp\/v2\/comments?post=29719"}],"version-history":[{"count":1,"href":"https:\/\/vocesparalelas.com.ar\/sitio\/wp-json\/wp\/v2\/posts\/29719\/revisions"}],"predecessor-version":[{"id":29720,"href":"https:\/\/vocesparalelas.com.ar\/sitio\/wp-json\/wp\/v2\/posts\/29719\/revisions\/29720"}],"wp:featuredmedia":[{"embeddable":true,"href":"https:\/\/vocesparalelas.com.ar\/sitio\/wp-json\/wp\/v2\/media\/10321"}],"wp:attachment":[{"href":"https:\/\/vocesparalelas.com.ar\/sitio\/wp-json\/wp\/v2\/media?parent=29719"}],"wp:term":[{"taxonomy":"category","embeddable":true,"href":"https:\/\/vocesparalelas.com.ar\/sitio\/wp-json\/wp\/v2\/categories?post=29719"},{"taxonomy":"post_tag","embeddable":true,"href":"https:\/\/vocesparalelas.com.ar\/sitio\/wp-json\/wp\/v2\/tags?post=29719"}],"curies":[{"name":"wp","href":"https:\/\/api.w.org\/{rel}","templated":true}]}}