{"id":29715,"date":"2020-07-17T19:14:14","date_gmt":"2020-07-17T22:14:14","guid":{"rendered":"http:\/\/vocesparalelas.com.ar\/sitio\/?p=29715"},"modified":"2020-07-17T19:14:14","modified_gmt":"2020-07-17T22:14:14","slug":"se-conmemoro-el-26o-aniversario-del-atentado-a-la-amia","status":"publish","type":"post","link":"https:\/\/vocesparalelas.com.ar\/sitio\/se-conmemoro-el-26o-aniversario-del-atentado-a-la-amia\/","title":{"rendered":"Se conmemor\u00f3 el 26\u00ba aniversario del atentado a la AMIA"},"content":{"rendered":"<p>En la jornada del jueves a las 9.45, en los jardines de Casa de Gobierno, U\u00f1ac encabez\u00f3 junto con el presidente de la Sociedad Israelita de Beneficencia de San Juan, Leonardo Siere, la ceremonia de conmemoraci\u00f3n por el 26\u00ba aniversario del atentado a la Asociaci\u00f3n Mutual Israelita Argentina &#8211; AMIA. El aniversario es el S\u00e1bado, 18 de julio.<\/p>\n<p>De la ceremonia conmemorativa participaron tambi\u00e9n Gustavo y Viviana Ant\u00fanez, t\u00edo y hermana del joven sanjuanino Jorge Ant\u00fanez, quien a la edad de 18 a\u00f1os fue una de las <strong>85 v\u00edctimas<\/strong> fatales que se cobr\u00f3 el atroz atentado.<\/p>\n<p>El acto conmemorativo se realiza en memoria de las v\u00edctimas del ataque con un coche bomba contra la Asociaci\u00f3n Mutual Israelita Argentina &#8211; AMIA. Como cada a\u00f1o, se realiz\u00f3 un toque de silencio con un shofar, instrumento ceremonial jud\u00edo, a cargo de Ian Smith.<\/p>\n<p><img loading=\"lazy\" decoding=\"async\" class=\"alignnone wp-image-29716 size-full\" src=\"https:\/\/vocesparalelas.com.ar\/sitio\/wp-content\/uploads\/2020\/07\/AMIA-SAN-JUAN.jpg\" alt=\"\" width=\"800\" height=\"506\" srcset=\"https:\/\/vocesparalelas.com.ar\/sitio\/wp-content\/uploads\/2020\/07\/AMIA-SAN-JUAN.jpg 800w, https:\/\/vocesparalelas.com.ar\/sitio\/wp-content\/uploads\/2020\/07\/AMIA-SAN-JUAN-300x190.jpg 300w, https:\/\/vocesparalelas.com.ar\/sitio\/wp-content\/uploads\/2020\/07\/AMIA-SAN-JUAN-768x486.jpg 768w\" sizes=\"auto, (max-width: 800px) 100vw, 800px\" \/><\/p>\n<p>Durante la ceremonia, el gobernador, Dr. Sergio U\u00f1ac una vez m\u00e1s pidi\u00f3 por el esclarecimiento del atentado que lleva 26 a\u00f1os de impunidad. En este contexto, el primer mandatario dijo que \u201clamentamos que este d\u00eda sea una vez m\u00e1s para recordar y tambi\u00e9n pedir que la justicia pueda avanzar en una investigaci\u00f3n que tiene que tener una conclusi\u00f3n final, tiene que tener condenados y una sentencia final que deje tranquilo a toda la Asociaci\u00f3n Mutual Israelita Argentina pero tambi\u00e9n a la comunidad en si misma\u00bb. Y agreg\u00f3 que \u00abfue un atentado sin ning\u00fan tipo de razonamiento que deja serias cicatrices en la sociedad argentina\u201d.<\/p>\n<p>Por su parte, Siere en voz un\u00edsona con el gobernador pidi\u00f3 nuevamente por el esclarecimiento del atentando y agradeci\u00f3 la nueva convocatoria por parte del mismo. En este sentido, declar\u00f3 que \u201cesta convocatorio es para estar reunidos y entender que es obligaci\u00f3n de todos hacer memoria, buscar la verdad y pedir justicia. Creo que es una acci\u00f3n muy significativo que el gobernador, invitando a todos los sanjuaninos, que este permanentemente liderando esta acci\u00f3n. Esto es un compromiso de todos, la construcci\u00f3n de una sociedad con estos valores es la base fundamental de un crecimiento que todos queremos como una sociedad fraterna y justa\u201d.<\/p>\n<p>Acto seguido, Gustavo y Viviana Ant\u00fanez, t\u00edo y hermana del joven sanjuanino Jorge Ant\u00fanez, lamentaron y pidieron una vez m\u00e1s por la resoluci\u00f3n de un atentado que tiene en vilo a 85 familias argentinas.<\/p>\n<p>\u201cVeintiseis a\u00f1os sin tener justicia lamentablemente, con la tristeza de todos los a\u00f1os de saber que a nivel justicia no pas\u00f3 nada. Tenemos a nuestros muertos que siguen reclamando justicia, pero a la vez tenemos la tranquilidad que cumplimos con la memoria, con el homenaje a todas las v\u00edctimas de la AMIA, especialmente por nuestro querido Jorgito\u201d, expres\u00f3 Gustavo.<\/p>\n<p>A su vez, Viviana record\u00f3 a su hermano con un agradecimiento a la gente por mantener en su memoria a todas las v\u00edctimas de tan tr\u00e1gico ataque en suelo argentino expresando que \u201csiempre lo recordamos a\u00f1o tras a\u00f1o. Lo bueno es que la gente siempre se acuerda y nosotros siempre vamos a seguir pidiendo justicia con la esperanza que alg\u00fan d\u00eda tengamos un desenlace\u201d, manifest\u00f3 Viviana.<\/p>\n<p><iframe loading=\"lazy\" title=\"U\u00f1ac conmemor\u00f3 el 26\u00ba aniversario del atentado a la AMIA\" width=\"800\" height=\"450\" src=\"https:\/\/www.youtube.com\/embed\/hIsFTR10SgE?feature=oembed\" frameborder=\"0\" allow=\"accelerometer; autoplay; encrypted-media; gyroscope; picture-in-picture\" allowfullscreen><\/iframe><\/p>\n<p><span style=\"color: #800080;\"><strong>El atentado a la AMIA<\/strong><\/span><\/p>\n<p>Fue un ataque terrorista con coche bomba que sufri\u00f3 la Asociaci\u00f3n Mutual Israelita Argentina (AMIA) en Buenos Aires el lunes 18 de julio de 1994. Se trat\u00f3 de uno de los mayores ataques terroristas ocurridos en Argentina, con un saldo de 85 personas asesinadas y 300 heridas, y el mayor golpe contra objetivos jud\u00edos desde la Segunda Guerra Mundial. La comunidad judeoargentina con casi 300.000 personas, de las cuales m\u00e1s del 80 % viv\u00eda en Buenos Aires, es la m\u00e1s numerosa de Am\u00e9rica Latina y la sexta mayor del mundo.<\/p>\n<p>El atentado contra la AMIA registra un antecedente inmediato que es el atentado a la embajada de Israel en Argentina, tambi\u00e9n ubicada en Buenos Aires, dinamitada con una bomba dos a\u00f1os antes el 17 de marzo de 1992, causando 22 muertos y m\u00e1s de doscientos heridos. Este atentado, por tratarse de una sede diplom\u00e1tica, fue investigado directamente por la Corte Suprema de Justicia de la Naci\u00f3n, que jam\u00e1s termin\u00f3 la investigaci\u00f3n ni elev\u00f3 la causa a juicio.<\/p>\n<p>&nbsp;<\/p>\n<p>&nbsp;<\/p>\n<p>&nbsp;<\/p>\n","protected":false},"excerpt":{"rendered":"<p>En la jornada del jueves a las 9.45, en los jardines de Casa de Gobierno, U\u00f1ac encabez\u00f3 junto con el<\/p>\n","protected":false},"author":3,"featured_media":29717,"comment_status":"closed","ping_status":"closed","sticky":false,"template":"","format":"standard","meta":{"_acf_changed":false,"_seopress_robots_primary_cat":"","_seopress_titles_title":"","_seopress_titles_desc":"","_seopress_robots_index":"","colormag_page_container_layout":"default_layout","colormag_page_sidebar_layout":"default_layout","footnotes":""},"categories":[1],"tags":[],"class_list":["post-29715","post","type-post","status-publish","format-standard","has-post-thumbnail","hentry","category-destacadas"],"acf":[],"_links":{"self":[{"href":"https:\/\/vocesparalelas.com.ar\/sitio\/wp-json\/wp\/v2\/posts\/29715","targetHints":{"allow":["GET"]}}],"collection":[{"href":"https:\/\/vocesparalelas.com.ar\/sitio\/wp-json\/wp\/v2\/posts"}],"about":[{"href":"https:\/\/vocesparalelas.com.ar\/sitio\/wp-json\/wp\/v2\/types\/post"}],"author":[{"embeddable":true,"href":"https:\/\/vocesparalelas.com.ar\/sitio\/wp-json\/wp\/v2\/users\/3"}],"replies":[{"embeddable":true,"href":"https:\/\/vocesparalelas.com.ar\/sitio\/wp-json\/wp\/v2\/comments?post=29715"}],"version-history":[{"count":1,"href":"https:\/\/vocesparalelas.com.ar\/sitio\/wp-json\/wp\/v2\/posts\/29715\/revisions"}],"predecessor-version":[{"id":29718,"href":"https:\/\/vocesparalelas.com.ar\/sitio\/wp-json\/wp\/v2\/posts\/29715\/revisions\/29718"}],"wp:featuredmedia":[{"embeddable":true,"href":"https:\/\/vocesparalelas.com.ar\/sitio\/wp-json\/wp\/v2\/media\/29717"}],"wp:attachment":[{"href":"https:\/\/vocesparalelas.com.ar\/sitio\/wp-json\/wp\/v2\/media?parent=29715"}],"wp:term":[{"taxonomy":"category","embeddable":true,"href":"https:\/\/vocesparalelas.com.ar\/sitio\/wp-json\/wp\/v2\/categories?post=29715"},{"taxonomy":"post_tag","embeddable":true,"href":"https:\/\/vocesparalelas.com.ar\/sitio\/wp-json\/wp\/v2\/tags?post=29715"}],"curies":[{"name":"wp","href":"https:\/\/api.w.org\/{rel}","templated":true}]}}