{"id":29713,"date":"2020-07-17T19:07:18","date_gmt":"2020-07-17T22:07:18","guid":{"rendered":"http:\/\/vocesparalelas.com.ar\/sitio\/?p=29713"},"modified":"2020-07-17T22:51:03","modified_gmt":"2020-07-18T01:51:03","slug":"respeta-el-protocolo-para-el-festejo-del-dia-del-amigo","status":"publish","type":"post","link":"https:\/\/vocesparalelas.com.ar\/sitio\/respeta-el-protocolo-para-el-festejo-del-dia-del-amigo\/","title":{"rendered":"Respeta el Protocolo para el festejo del D\u00eda del Amigo"},"content":{"rendered":"<p>El Comit\u00e9 COVID-19 San Juan recuerda que en esta fase 5 del aislamiento social, continua vigente el protocolo sanitario elaborado con el objetivo de mantener el buen estatus sanitario alcanzado en la Provincia.<\/p>\n<p>El mismo detalla que las reuniones familiares y sociales permitidas todos los d\u00eda hasta las 00 horas, est\u00e1n limitadas a grupos con un m\u00e1ximo de <strong>1<\/strong>2 personas en forma simult\u00e1nea, siendo los lugares de encuentro habilitados los domicilios particulares. Est\u00e1n prohibidas las reuniones en espacios p\u00fablicos, sitios privados de alquiler, campings, clubes u otros similares.<\/p>\n<p>Adem\u00e1s, indica que los locales gastron\u00f3micos pueden atender de lunes a lunes hasta la 1 de la madrugada, bajo estricto protocolo.<\/p>\n<p>Por otra parte, el Comando Unificado de Seguridad, contin\u00faa realizando controles espec\u00edficos destinados a respaldar las medidas adoptadas por las autoridades provinciales.<\/p>\n<p>&nbsp;<\/p>\n<p>&nbsp;<\/p>\n","protected":false},"excerpt":{"rendered":"<p>El Comit\u00e9 COVID-19 San Juan recuerda que en esta fase 5 del aislamiento social, continua vigente el protocolo sanitario elaborado<\/p>\n","protected":false},"author":3,"featured_media":1245,"comment_status":"closed","ping_status":"closed","sticky":false,"template":"","format":"standard","meta":{"_acf_changed":false,"_seopress_robots_primary_cat":"","_seopress_titles_title":"","_seopress_titles_desc":"","_seopress_robots_index":"","colormag_page_container_layout":"default_layout","colormag_page_sidebar_layout":"default_layout","footnotes":""},"categories":[11],"tags":[],"class_list":["post-29713","post","type-post","status-publish","format-standard","has-post-thumbnail","hentry","category-sociales"],"acf":[],"_links":{"self":[{"href":"https:\/\/vocesparalelas.com.ar\/sitio\/wp-json\/wp\/v2\/posts\/29713","targetHints":{"allow":["GET"]}}],"collection":[{"href":"https:\/\/vocesparalelas.com.ar\/sitio\/wp-json\/wp\/v2\/posts"}],"about":[{"href":"https:\/\/vocesparalelas.com.ar\/sitio\/wp-json\/wp\/v2\/types\/post"}],"author":[{"embeddable":true,"href":"https:\/\/vocesparalelas.com.ar\/sitio\/wp-json\/wp\/v2\/users\/3"}],"replies":[{"embeddable":true,"href":"https:\/\/vocesparalelas.com.ar\/sitio\/wp-json\/wp\/v2\/comments?post=29713"}],"version-history":[{"count":1,"href":"https:\/\/vocesparalelas.com.ar\/sitio\/wp-json\/wp\/v2\/posts\/29713\/revisions"}],"predecessor-version":[{"id":29714,"href":"https:\/\/vocesparalelas.com.ar\/sitio\/wp-json\/wp\/v2\/posts\/29713\/revisions\/29714"}],"wp:featuredmedia":[{"embeddable":true,"href":"https:\/\/vocesparalelas.com.ar\/sitio\/wp-json\/wp\/v2\/media\/1245"}],"wp:attachment":[{"href":"https:\/\/vocesparalelas.com.ar\/sitio\/wp-json\/wp\/v2\/media?parent=29713"}],"wp:term":[{"taxonomy":"category","embeddable":true,"href":"https:\/\/vocesparalelas.com.ar\/sitio\/wp-json\/wp\/v2\/categories?post=29713"},{"taxonomy":"post_tag","embeddable":true,"href":"https:\/\/vocesparalelas.com.ar\/sitio\/wp-json\/wp\/v2\/tags?post=29713"}],"curies":[{"name":"wp","href":"https:\/\/api.w.org\/{rel}","templated":true}]}}