{"id":29710,"date":"2020-07-17T19:04:57","date_gmt":"2020-07-17T22:04:57","guid":{"rendered":"http:\/\/vocesparalelas.com.ar\/sitio\/?p=29710"},"modified":"2020-07-17T19:04:57","modified_gmt":"2020-07-17T22:04:57","slug":"los-seleccionados-del-segundo-ciclo-de-formacion-del-conte-grand","status":"publish","type":"post","link":"https:\/\/vocesparalelas.com.ar\/sitio\/los-seleccionados-del-segundo-ciclo-de-formacion-del-conte-grand\/","title":{"rendered":"Los seleccionados del segundo ciclo de formaci\u00f3n del Conte Grand"},"content":{"rendered":"<p>Se trata de cuatro talleres online y gratuitos con cupo limitado. Se dictar\u00e1n por m\u00f3dulos con un trabajo final y cada docente realizar\u00e1 una tutor\u00eda personalizada atendiendo las inquietudes de los participantes. Como resultante final se realizar\u00e1n exposiciones online en los cuentas oficiales del Centro Cultural Conte Grand &#8211; CCCG &#8211; en <a href=\"https:\/\/www.facebook.com\/cccontegrand\/\" target=\"_blank\" rel=\"noopener noreferrer\">Facebook<\/a> e <a href=\"https:\/\/www.instagram.com\/cccontegrand\/?hl=es-la\" target=\"_blank\" rel=\"noopener noreferrer\">Instagram<\/a>.<\/p>\n<p><strong><span style=\"color: #ff6600;\">Laboratorio de Personajes<\/span><\/strong><\/p>\n<p><strong><span style=\"color: #ff6600;\">Dictado por Silvina Montenegro @sil.monte.negro<\/span><\/strong><\/p>\n<ul>\n<li>Sof\u00eda Barcel\u00f3<\/li>\n<li>Guadalupe Maldonado<\/li>\n<li>Sebasti\u00e1n Di\u00e9guez<\/li>\n<li>Faustino Gambina<\/li>\n<li>Paula Jofr\u00e9<\/li>\n<li>Franco Fern\u00e1ndez<\/li>\n<li>Alejandro Delgado<\/li>\n<li>Giselle Cataldo<\/li>\n<li>Flavia L\u00f3pez<\/li>\n<li>Juan Cruz Olmos<\/li>\n<li>Julieta Tejada<\/li>\n<li>Sabrina Cerdera<\/li>\n<li>Juan Cruz Var\u00f3n<\/li>\n<li>Cecilia Plaza<\/li>\n<li>Mariela Ag\u00fcero<\/li>\n<\/ul>\n<p><strong><span style=\"color: #ff6600;\">Taller de autopublicaci\u00f3n: darle cuerpo a lo escrito<\/span><\/strong><\/p>\n<p>Dictado por Mariana Alias @chinestesia_ y @circeencuadernaciones<\/p>\n<ul>\n<li>Marylin Pereyra<\/li>\n<li>Florencia Leyes<\/li>\n<li>Irina Birman<\/li>\n<li>Julieta Tello<\/li>\n<li>Mar\u00eda Clara Burgos<\/li>\n<li>Ana Paula Collado<\/li>\n<li>Lisandro Sosa<\/li>\n<li>Laura Esther Carubin<\/li>\n<li>Maria Florencia Ib\u00e1\u00f1ez Fojo<\/li>\n<li>Maria Victoria Barud<\/li>\n<li>Gonzalo Mart\u00edn Castro<\/li>\n<li>Matias Germ\u00e1n Rodriguez Romero<\/li>\n<li>Florencia Rivas<\/li>\n<li>Micaela Olivera<\/li>\n<li>Valeria Noemi Ochoa<\/li>\n<li>Gabriela Petry<\/li>\n<li>Florencia Garcia<\/li>\n<li>Julieta Ladstatter<\/li>\n<li>Amani Im\u00e1n Guadalupe Rodr\u00edguez<\/li>\n<li>Nuria A\u00f1\u00f3 Gargiulo<\/li>\n<li>Martina Quiroga<\/li>\n<\/ul>\n<p><strong><span style=\"color: #ff6600;\">Curso edici\u00f3n digital de im\u00e1genes &#8211; Lightroom<\/span><\/strong><\/p>\n<p>Dictado por Mario Bertazzo, @escuelaanimaciondoblezeta<\/p>\n<ul>\n<li><strong>Cupo: sin l\u00edmite<\/strong><\/li>\n<\/ul>\n<p><span style=\"color: #ff6600;\"><strong>Introducci\u00f3n al Streaming<\/strong><\/span><\/p>\n<p>Dictado por Ismael Mansur (@ismaelmansur)<\/p>\n<p>Luciano Carcamo (@luchiha7)<\/p>\n<p>Gonzalo Vega (@gvgaming)<\/p>\n<ul>\n<li><strong>Cupo: sin l\u00edmite<\/strong><\/li>\n<\/ul>\n<p><strong><span style=\"color: #ff6600;\">Criterios de selecci\u00f3n para los talleres Conteonline<\/span><\/strong><\/p>\n<ul>\n<li><span style=\"color: #ff6600;\"><strong>Laboratorio de Personajes<\/strong>:<\/span> el criterio utilizado para la selecci\u00f3n de los participantes fueron las respuestas del formulario.<\/li>\n<li><span style=\"color: #ff6600;\"><strong>Taller edici\u00f3n digital de im\u00e1genes Mario Bertazzo \u2013 Lightroom:<\/strong><\/span> se aceptaron los primeros 30 como alumnos regulares y a los dem\u00e1s como alumnos invitados, acceso completo en ambos casos.<\/li>\n<li><span style=\"color: #ff6600;\"><strong>Taller de autopublicaci\u00f3n:<\/strong><\/span> siguiendo atentamente los motivos de la inscripci\u00f3n, se seleccionaron aquellas respuestas m\u00e1s ajustadas a los objetivos del taller: armar una publicaci\u00f3n artesanal con escritos propios. Como segundo criterio, se tuvo en cuenta el orden de inscripci\u00f3n.<\/li>\n<li><span style=\"color: #ff6600;\"><strong>Taller Introducci\u00f3n al Streaming:<\/strong> <\/span>ilimitado<\/li>\n<\/ul>\n","protected":false},"excerpt":{"rendered":"<p>Se trata de cuatro talleres online y gratuitos con cupo limitado. Se dictar\u00e1n por m\u00f3dulos con un trabajo final y<\/p>\n","protected":false},"author":3,"featured_media":29711,"comment_status":"closed","ping_status":"closed","sticky":false,"template":"","format":"standard","meta":{"_acf_changed":false,"_seopress_robots_primary_cat":"","_seopress_titles_title":"","_seopress_titles_desc":"","_seopress_robots_index":"","colormag_page_container_layout":"default_layout","colormag_page_sidebar_layout":"default_layout","footnotes":""},"categories":[1],"tags":[],"class_list":["post-29710","post","type-post","status-publish","format-standard","has-post-thumbnail","hentry","category-destacadas"],"acf":[],"_links":{"self":[{"href":"https:\/\/vocesparalelas.com.ar\/sitio\/wp-json\/wp\/v2\/posts\/29710","targetHints":{"allow":["GET"]}}],"collection":[{"href":"https:\/\/vocesparalelas.com.ar\/sitio\/wp-json\/wp\/v2\/posts"}],"about":[{"href":"https:\/\/vocesparalelas.com.ar\/sitio\/wp-json\/wp\/v2\/types\/post"}],"author":[{"embeddable":true,"href":"https:\/\/vocesparalelas.com.ar\/sitio\/wp-json\/wp\/v2\/users\/3"}],"replies":[{"embeddable":true,"href":"https:\/\/vocesparalelas.com.ar\/sitio\/wp-json\/wp\/v2\/comments?post=29710"}],"version-history":[{"count":1,"href":"https:\/\/vocesparalelas.com.ar\/sitio\/wp-json\/wp\/v2\/posts\/29710\/revisions"}],"predecessor-version":[{"id":29712,"href":"https:\/\/vocesparalelas.com.ar\/sitio\/wp-json\/wp\/v2\/posts\/29710\/revisions\/29712"}],"wp:featuredmedia":[{"embeddable":true,"href":"https:\/\/vocesparalelas.com.ar\/sitio\/wp-json\/wp\/v2\/media\/29711"}],"wp:attachment":[{"href":"https:\/\/vocesparalelas.com.ar\/sitio\/wp-json\/wp\/v2\/media?parent=29710"}],"wp:term":[{"taxonomy":"category","embeddable":true,"href":"https:\/\/vocesparalelas.com.ar\/sitio\/wp-json\/wp\/v2\/categories?post=29710"},{"taxonomy":"post_tag","embeddable":true,"href":"https:\/\/vocesparalelas.com.ar\/sitio\/wp-json\/wp\/v2\/tags?post=29710"}],"curies":[{"name":"wp","href":"https:\/\/api.w.org\/{rel}","templated":true}]}}