{"id":29707,"date":"2020-07-17T19:00:17","date_gmt":"2020-07-17T22:00:17","guid":{"rendered":"http:\/\/vocesparalelas.com.ar\/sitio\/?p=29707"},"modified":"2020-07-17T20:23:37","modified_gmt":"2020-07-17T23:23:37","slug":"el-programa-de-eficiencia-energetica-es-una-respuesta-de-un-pedido-concreto-del-sector-productivo","status":"publish","type":"post","link":"https:\/\/vocesparalelas.com.ar\/sitio\/el-programa-de-eficiencia-energetica-es-una-respuesta-de-un-pedido-concreto-del-sector-productivo\/","title":{"rendered":"El Programa de Eficiencia Energ\u00e9tica \u00abEs una respuesta de un pedido concreto del sector productivo\u00bb"},"content":{"rendered":"<p>Durante la jornada de este viernes, se continu\u00f3 con el desarrollo de los m\u00f3dulos del Programa de Eficiencia Energ\u00e9tica. En este contexto, el gobernador Dr. Sergio U\u00f1ac, estuvo en comunicaci\u00f3n con el Consejo Federal de Inversiones &#8211; CFI &#8211; para dar inicio del taller. Adem\u00e1s particip\u00f3 el secretario de Estado de Ciencia, Tecnolog\u00eda e Innovaci\u00f3n, Ing. Tulio del Bono, entre otros funcionarios, tales como la directora de Innovaci\u00f3n Tecnol\u00f3gica, Ing. Gabriela Rossomando.<\/p>\n<p>Al referirse al encuentro, Del Bono dijo que \u00abesta es una respuesta de un pedido concreto del sector productivo, de mejorar los costos energ\u00e9ticos. Una forma de hacerlo es mejorando la eficiencia energ\u00e9tica, es decir, producir m\u00e1s con la misma energ\u00eda o con la misma energ\u00eda hacer un uso m\u00e1s eficiente de la misma\u00bb.<\/p>\n<p>Agreg\u00f3 adem\u00e1s que \u00abpara esto, a trav\u00e9s de un acuerdo con el CFI, la Provincia prepar\u00f3 a unos 70 especialistas que van a asesorar a las empresas que lo soliciten, para ver c\u00f3mo pueden hacer para mejorar la eficiencia energ\u00e9tica. Este proceso puede ser desde algo tan sencillo como cambiar el sistema de iluminaci\u00f3n, hasta algunas cuestiones m\u00e1s complejas\u201d.<\/p>\n<p>Por su parte, el subsecretario de Transferencia e Innovaci\u00f3n, Bioq. Germ\u00e1n Von Euw afirm\u00f3 que \u00abcon el diagn\u00f3stico que se realice por los especialistas, las empresas van a poder acceder a cr\u00e9ditos muy blandos y muy accesibles que va a otorgar el CFI para que puedan implementar esta tarea\u201d.<\/p>\n<p>Por \u00faltimo, el director de Competitividad y Vinculaci\u00f3n Tecnol\u00f3gica, Ing. Javier Coria se\u00f1al\u00f3 que \u00abel Programa de Eficiencia Energ\u00e9tica busca que las empresas realicen modificaciones en sus estructuras de costos y de gastos para que de esta manera puedan ahorrar y ser m\u00e1s eficientes tanto en los costos energ\u00e9ticos como en el \u00e1mbito sustentable y medio ambiental\u201d.<\/p>\n<p>La actividad fue organizada por el Gobierno de San Juan, a trav\u00e9s de la Secretar\u00eda de Estado de Ciencia, Tecnolog\u00eda e Innovaci\u00f3n; el Ministerio de Producci\u00f3n y Desarrollo Econ\u00f3mico; el Ministerio de Turismo y Cultura; el Ministerio de Miner\u00eda; la Agencia Calidad San Juan, la Universidad Nacional de San Juan y el Consejo Federal de Inversiones &#8211; CFI.<\/p>\n<p>&nbsp;<\/p>\n","protected":false},"excerpt":{"rendered":"<p>Durante la jornada de este viernes, se continu\u00f3 con el desarrollo de los m\u00f3dulos del Programa de Eficiencia Energ\u00e9tica. En<\/p>\n","protected":false},"author":3,"featured_media":29708,"comment_status":"closed","ping_status":"closed","sticky":false,"template":"","format":"standard","meta":{"_acf_changed":false,"_seopress_robots_primary_cat":"","_seopress_titles_title":"","_seopress_titles_desc":"","_seopress_robots_index":"","colormag_page_container_layout":"default_layout","colormag_page_sidebar_layout":"default_layout","footnotes":""},"categories":[10],"tags":[],"class_list":["post-29707","post","type-post","status-publish","format-standard","has-post-thumbnail","hentry","category-opiniones"],"acf":[],"_links":{"self":[{"href":"https:\/\/vocesparalelas.com.ar\/sitio\/wp-json\/wp\/v2\/posts\/29707","targetHints":{"allow":["GET"]}}],"collection":[{"href":"https:\/\/vocesparalelas.com.ar\/sitio\/wp-json\/wp\/v2\/posts"}],"about":[{"href":"https:\/\/vocesparalelas.com.ar\/sitio\/wp-json\/wp\/v2\/types\/post"}],"author":[{"embeddable":true,"href":"https:\/\/vocesparalelas.com.ar\/sitio\/wp-json\/wp\/v2\/users\/3"}],"replies":[{"embeddable":true,"href":"https:\/\/vocesparalelas.com.ar\/sitio\/wp-json\/wp\/v2\/comments?post=29707"}],"version-history":[{"count":2,"href":"https:\/\/vocesparalelas.com.ar\/sitio\/wp-json\/wp\/v2\/posts\/29707\/revisions"}],"predecessor-version":[{"id":29732,"href":"https:\/\/vocesparalelas.com.ar\/sitio\/wp-json\/wp\/v2\/posts\/29707\/revisions\/29732"}],"wp:featuredmedia":[{"embeddable":true,"href":"https:\/\/vocesparalelas.com.ar\/sitio\/wp-json\/wp\/v2\/media\/29708"}],"wp:attachment":[{"href":"https:\/\/vocesparalelas.com.ar\/sitio\/wp-json\/wp\/v2\/media?parent=29707"}],"wp:term":[{"taxonomy":"category","embeddable":true,"href":"https:\/\/vocesparalelas.com.ar\/sitio\/wp-json\/wp\/v2\/categories?post=29707"},{"taxonomy":"post_tag","embeddable":true,"href":"https:\/\/vocesparalelas.com.ar\/sitio\/wp-json\/wp\/v2\/tags?post=29707"}],"curies":[{"name":"wp","href":"https:\/\/api.w.org\/{rel}","templated":true}]}}