{"id":29701,"date":"2020-07-17T18:30:06","date_gmt":"2020-07-17T21:30:06","guid":{"rendered":"http:\/\/vocesparalelas.com.ar\/sitio\/?p=29701"},"modified":"2020-07-17T18:52:19","modified_gmt":"2020-07-17T21:52:19","slug":"se-puso-en-marcha-el-taller-que-brinda-asistencia-a-pymes-para-el-ahorro-energetico","status":"publish","type":"post","link":"https:\/\/vocesparalelas.com.ar\/sitio\/se-puso-en-marcha-el-taller-que-brinda-asistencia-a-pymes-para-el-ahorro-energetico\/","title":{"rendered":"Se puso en marcha el taller que brinda asistencia a pymes para el ahorro energ\u00e9tico"},"content":{"rendered":"<p>El Gobierno de San Juan, a trav\u00e9s de la Secretar\u00eda de Estado de Ciencia, Tecnolog\u00eda e Innovaci\u00f3n &#8211; SECITI -; el Ministerio de Producci\u00f3n y Desarrollo Econ\u00f3mico; el Ministerio de Turismo y Cultura; el Ministerio de Miner\u00eda; la Agencia Calidad San Juan, la Universidad Nacional de San Juan y el Consejo Federal de Inversiones &#8211; CFI &#8211; puso en marcha un taller de sensibilizaci\u00f3n orientado a micropymes de los sectores agr\u00edcola, industrial, minero, turismo-hotelero y comercios.<\/p>\n<p>El acto estuvo presidido por el gobernador Dr. Sergio U\u00f1ac, acompa\u00f1ado por la ministro de Turismo y Cultura, Lic. Claudia Grynszpan; la ministro de Hacienda y Finanzas, CPN Marisa L\u00f3pez; el secretario de Ciencia, Tecnolog\u00eda e Innovaci\u00f3n &#8211; SECITI -, Ing. Tulio del Bono y el rector de la UNSJ, Dr. Oscar Nasisi. Adem\u00e1s participaron a trav\u00e9s de videoconferencia, Marcela Videla, coordinadora del Consejo Federal de Inversiones &#8211; CFI -, el Ing. Hern\u00e1n Iglesias Furfaro y el Lic. Diego G\u00f3mez.<\/p>\n<p>Al hacer referencia al programa impulsado, el gobernador se mostr\u00f3 entusiasmado al se\u00f1alar que pese al duro contexto que ofrece la pandemia \u00abpodamos generar mejores cosas para que la econom\u00eda contin\u00fae siendo el motor del empleo en la provincia de San Juan\u201d.<\/p>\n<p>En ese sentido, el mandatario explic\u00f3 que \u201ceste programa busca entregar herramientas al sector privado sobre todo lo relacionado a lo energ\u00e9tico, apuntando a generar rentabilidad, a mejorar los ingresos y entrar en un circulo virtuoso que debe significar m\u00e1s empresas, m\u00e1s empleo para todos los sanjuaninos\u201d.<\/p>\n<p>El taller tiene como objetivo final brindar apoyo t\u00e9cnico y financiero a los sectores productivos de la provincia de San Juan mediante la selecci\u00f3n de micropymes provinciales que acceder\u00e1n a un diagn\u00f3stico energ\u00e9tico gratuito. Este diagn\u00f3stico se realizar\u00e1 por parte de los Gestores energ\u00e9ticos que fueron capacitados por la Universidad Nacional de San Juan.<\/p>\n<p>El diagn\u00f3stico gratuito permitir\u00e1 a las empresas participantes entender sus gastos en energ\u00eda, identificar oportunidades para reducir los costos asociados al consumo energ\u00e9tico y obtener acceso simplificado a los cr\u00e9ditos con tasas de fomento que otorga el CFI.<\/p>\n<p>Con respecto a los avances del programa, Marcela Videla, explic\u00f3 que \u00ab70 profesionales de la provincia, de distintas disciplinas, como ingenieros electromec\u00e1nicos, industriales, mec\u00e1nicos, civiles, electr\u00f3nica, arquitectos y dise\u00f1adores industriales, se formaron como gestores energ\u00e9ticos. Ellos se encargan de ejecutar estas tareas de relevamiento y diagn\u00f3sticos energ\u00e9ticos para las micro, peque\u00f1as y medianas empresas. Esos diagn\u00f3sticos se vienen realizando a costo cero para las empresas, incluyendo el relevamiento in situ\u00bb.<\/p>\n<p>Cabe destacar que los registros de los diagn\u00f3sticos energ\u00e9ticos en los cuales participaron empresas sanjuaninas de los sectores agroindustrial, industrial, comercio, turismo y miner\u00eda, arrojaron que se puede establecer que los ahorros proyectados son alrededor del 25% de los consumos energ\u00e9ticos de las pymes.<\/p>\n<p>Adem\u00e1s, la coordinadora del CFI agreg\u00f3: \u00abTeniendo en cuenta en la situaci\u00f3n en la que nos encontramos hoy quiz\u00e1s lo m\u00e1s importante de esta l\u00ednea es que tiene tasas tope. Que permiten a la persona al momento de tomar un cr\u00e9dito, saber que suceda lo que suceda, la taza con la que se manejar\u00e1 su cr\u00e9dito tiene un l\u00edmite. No superar\u00e1 su tope. Esa previsibilidad que asegura la l\u00ednea es fundamental a la hora de tomar una decisi\u00f3n\u00bb.<\/p>\n<p>La ministra Marisa L\u00f3pez, hizo alusi\u00f3n a los beneficios del programa para San Juan, al se\u00f1alar que \u00abesta es una acci\u00f3n espec\u00edfica respecto a lograr una actitudes amigables con el medioambiente, a trav\u00e9s del uso de energ\u00edas renovables y que reduce los costos para la elaboraci\u00f3n de un producto o para la producci\u00f3n en general. Esto es una acci\u00f3n estrat\u00e9gica de car\u00e1cter mundial. Invertir en energ\u00edas renovables para ser tambi\u00e9n los productos de San Juan m\u00e1s competitivos y ubicarnos desde ese lugar en un puesto de vanguardia\u00bb.<\/p>\n<p>El taller estuvo a cargo del ingeniero Hern\u00e1n Iglesias Furfaro, y se abordaron aspectos de c\u00f3mo hacer m\u00e1s eficiente los recursos energ\u00e9ticos de las empresas, sistemas de gesti\u00f3n de la energ\u00eda y ejemplos de aplicaci\u00f3n para los sectores productivos mencionados.<\/p>\n<p><iframe loading=\"lazy\" title=\"Programa Eficiencia Energ\u00e9tica: taller virtual de eficiencia energ\u00e9tica y gesti\u00f3n de la energ\u00eda\" width=\"800\" height=\"450\" src=\"https:\/\/www.youtube.com\/embed\/jpK5DPHkh9s?feature=oembed\" frameborder=\"0\" allow=\"accelerometer; autoplay; encrypted-media; gyroscope; picture-in-picture\" allowfullscreen><\/iframe><\/p>\n<p>&nbsp;<\/p>\n<p>Por \u00faltimo, el rector de la UNSJ, Oscar Nasisi, consider\u00f3 que la experiencia fue muy productiva: \u00abEste programa llega a las diferentes pymes e industrias en un momento ideal frente a la crisis social y econ\u00f3mica provocada por la pandemia. Que algunas empresas puedan tener un ahorro del 25% y emitir desde Naci\u00f3n cr\u00e9ditos con tasas topes son muy buenas noticias. Es la \u00fanica forma en la que vamos a poder seguir trabajando\u00bb.<\/p>\n<p>El cierre l\u00edmite para la presentaci\u00f3n de postulaciones de empresas beneficiarias es hasta el 14 de septiembre de 2020, y las bases y condiciones se pueden descargar desde los sitios web de la SECITI<\/p>\n<p><a href=\"http:\/\/ciencia.sanjuan.gob.ar\/\">http:\/\/ciencia.sanjuan.gob.ar\/<\/a><\/p>\n<p>y de la Agencia Calidad San Juan.<\/p>\n<p><a href=\"http:\/\/agenciacalidadsanjuan.com.ar\/\">http:\/\/agenciacalidadsanjuan.com.ar\/<\/a><\/p>\n<p>&nbsp;<\/p>\n<p><img loading=\"lazy\" decoding=\"async\" class=\"alignnone wp-image-1245 size-large\" src=\"https:\/\/vocesparalelas.com.ar\/sitio\/wp-content\/uploads\/2017\/05\/CASA-DE-GOBIERNO-01-800x534.jpg\" alt=\"\" width=\"800\" height=\"534\" srcset=\"https:\/\/vocesparalelas.com.ar\/sitio\/wp-content\/uploads\/2017\/05\/CASA-DE-GOBIERNO-01.jpg 800w, https:\/\/vocesparalelas.com.ar\/sitio\/wp-content\/uploads\/2017\/05\/CASA-DE-GOBIERNO-01-300x200.jpg 300w, https:\/\/vocesparalelas.com.ar\/sitio\/wp-content\/uploads\/2017\/05\/CASA-DE-GOBIERNO-01-768x513.jpg 768w\" sizes=\"auto, (max-width: 800px) 100vw, 800px\" \/><\/p>\n<p>&nbsp;<\/p>\n<p>&nbsp;<\/p>\n<p>&nbsp;<\/p>\n","protected":false},"excerpt":{"rendered":"<p>El Gobierno de San Juan, a trav\u00e9s de la Secretar\u00eda de Estado de Ciencia, Tecnolog\u00eda e Innovaci\u00f3n &#8211; SECITI -;<\/p>\n","protected":false},"author":3,"featured_media":29702,"comment_status":"closed","ping_status":"closed","sticky":false,"template":"","format":"standard","meta":{"_acf_changed":false,"_seopress_robots_primary_cat":"","_seopress_titles_title":"","_seopress_titles_desc":"","_seopress_robots_index":"","colormag_page_container_layout":"default_layout","colormag_page_sidebar_layout":"default_layout","footnotes":""},"categories":[1],"tags":[],"class_list":["post-29701","post","type-post","status-publish","format-standard","has-post-thumbnail","hentry","category-destacadas"],"acf":[],"_links":{"self":[{"href":"https:\/\/vocesparalelas.com.ar\/sitio\/wp-json\/wp\/v2\/posts\/29701","targetHints":{"allow":["GET"]}}],"collection":[{"href":"https:\/\/vocesparalelas.com.ar\/sitio\/wp-json\/wp\/v2\/posts"}],"about":[{"href":"https:\/\/vocesparalelas.com.ar\/sitio\/wp-json\/wp\/v2\/types\/post"}],"author":[{"embeddable":true,"href":"https:\/\/vocesparalelas.com.ar\/sitio\/wp-json\/wp\/v2\/users\/3"}],"replies":[{"embeddable":true,"href":"https:\/\/vocesparalelas.com.ar\/sitio\/wp-json\/wp\/v2\/comments?post=29701"}],"version-history":[{"count":4,"href":"https:\/\/vocesparalelas.com.ar\/sitio\/wp-json\/wp\/v2\/posts\/29701\/revisions"}],"predecessor-version":[{"id":29706,"href":"https:\/\/vocesparalelas.com.ar\/sitio\/wp-json\/wp\/v2\/posts\/29701\/revisions\/29706"}],"wp:featuredmedia":[{"embeddable":true,"href":"https:\/\/vocesparalelas.com.ar\/sitio\/wp-json\/wp\/v2\/media\/29702"}],"wp:attachment":[{"href":"https:\/\/vocesparalelas.com.ar\/sitio\/wp-json\/wp\/v2\/media?parent=29701"}],"wp:term":[{"taxonomy":"category","embeddable":true,"href":"https:\/\/vocesparalelas.com.ar\/sitio\/wp-json\/wp\/v2\/categories?post=29701"},{"taxonomy":"post_tag","embeddable":true,"href":"https:\/\/vocesparalelas.com.ar\/sitio\/wp-json\/wp\/v2\/tags?post=29701"}],"curies":[{"name":"wp","href":"https:\/\/api.w.org\/{rel}","templated":true}]}}