{"id":29699,"date":"2020-07-17T16:48:27","date_gmt":"2020-07-17T19:48:27","guid":{"rendered":"http:\/\/vocesparalelas.com.ar\/sitio\/?p=29699"},"modified":"2020-07-17T22:52:02","modified_gmt":"2020-07-18T01:52:02","slug":"mesas-virtuales-y-presenciales-en-la-faud-de-la-unsj","status":"publish","type":"post","link":"https:\/\/vocesparalelas.com.ar\/sitio\/mesas-virtuales-y-presenciales-en-la-faud-de-la-unsj\/","title":{"rendered":"Mesas Virtuales y Presenciales en la FAUD de la UNSJ"},"content":{"rendered":"<p>Recientemente el Consejo Superior de la Universidad Nacional de San Juan, resolvi\u00f3 por unanimidad, aprobar el Protocolo para la Sustanciaci\u00f3n de Ex\u00e1menes Finales en Modalidad Presencial. El proyecto presentado es el resultado del arduo trabajo realizado desde el Comit\u00e9 de Crisis COVID-19 y los aportes de diversas \u00e1reas t\u00e9cnicas de la UNSJ.<\/p>\n<p>No obstante, la Facultas de Arquitectura, Urbanismo y Dise\u00f1o de la UNSJ, informa a su comunidad educativa que <strong>l<\/strong>as Mesas de Ex\u00e1menes Virtuales programadas, se mantienen tal como se han definido y como complemento de la implementaci\u00f3n de las mesas presenciales que ya tienen su protocolo.<\/p>\n<p><span style=\"color: #ff6600;\"><strong>N\u00f3mina de Asignaturas con modalidad Virtual<\/strong><\/span><\/p>\n<p>El Departamento de Arquitectura y Urbanismo y el Departamento Dise\u00f1o informan la n\u00f3mina de asignaturas que al 08 de Julio, han ratificado la modalidad de ex\u00e1menes virtuales de acuerdo a la Resoluci\u00f3n 008-FAUD\/2020<\/p>\n<p><strong><span style=\"color: #ff6600;\">Carrera ARQUITECTURA y URBANISMO<\/span><\/strong><\/p>\n<ul>\n<li>TALLER DE ARQUITECTURA VI &#8211; Comisi\u00f3n Cocinero<\/li>\n<li><span style=\"line-height: 1.5;\">INSTALACIONES II<\/span><\/li>\n<li><span style=\"line-height: 1.5;\">THCA I<\/span><\/li>\n<li><span style=\"line-height: 1.5;\">THCA II<\/span><\/li>\n<li><span style=\"line-height: 1.5;\">THCA IV<\/span><\/li>\n<li><span style=\"line-height: 1.5;\">PROGEO<\/span><\/li>\n<li><span style=\"line-height: 1.5;\">ESTRUCTURAS III<\/span><\/li>\n<li><span style=\"line-height: 1.5;\">ESTRUCTURAS IV<\/span><\/li>\n<li><span style=\"line-height: 1.5;\">URBANISMO I<\/span><\/li>\n<li><span style=\"line-height: 1.5;\">TASACI\u00d3N Y PERITAJE<\/span><\/li>\n<li><span style=\"line-height: 1.5;\">SEGURIDAD LABORAL E IMPACTO AMBIENTAL EN LA INDUSTRIA DE LA CONSTRUCCI\u00d3N<\/span><\/li>\n<li><span style=\"line-height: 1.5;\">ARQUITECTURA LEGAL<\/span><\/li>\n<\/ul>\n<p><strong><span style=\"color: #ff6600;\">Carrera DISE\u00d1O GR\u00c1FICO<\/span><\/strong><\/p>\n<ul>\n<li>SEMIOLOG\u00cdA (Plan 2000)<\/li>\n<li><span style=\"line-height: 1.5;\">SEMI\u00d3TICA (Plan 2016)<\/span><\/li>\n<li><span style=\"line-height: 1.5;\">COMUNICACI\u00d3N (Plan 2016)<\/span><\/li>\n<li><span style=\"line-height: 1.5;\">TIPOGRAF\u00cdA II (Plan 2016)<\/span><\/li>\n<li><span style=\"line-height: 1.5;\">TEOR\u00cdA, HISTORIA Y CR\u00cdTICA DEL DISE\u00d1O Y DEL ARTE (Plan 2000)<\/span><\/li>\n<li><span style=\"line-height: 1.5;\">TEOR\u00cdA, HISTORIA Y CR\u00cdTICA DEL DISE\u00d1O Y EL ARTE I (Plan 2016)<\/span><\/li>\n<\/ul>\n<p><strong><span style=\"color: #ff6600;\">Carrera DISE\u00d1O INDUSTRIAL<\/span><\/strong><\/p>\n<ul>\n<li>F\u00cdSICA (Plan 1996)<\/li>\n<li><span style=\"line-height: 1.5;\">F\u00cdSICA GENERAL (Plan 2016)<\/span><\/li>\n<li><span style=\"line-height: 1.5;\">F\u00cdSICA APLICADA (Plan 2016)<\/span><\/li>\n<li><span style=\"line-height: 1.5;\">ERGONOM\u00cdA (Plan 1996)<\/span><\/li>\n<li><span style=\"line-height: 1.5;\">ERGONOM\u00cdA GENERAL (Plan 2016)<\/span><\/li>\n<li><span style=\"line-height: 1.5;\">ERGONOM\u00cdA APLICADA (Plan 2016)<\/span><\/li>\n<li><span style=\"line-height: 1.5;\">TECNOLOG\u00cdA I (Plan 1996)<\/span><\/li>\n<li><span style=\"line-height: 1.5;\">TECNOLOG\u00cdA II (Plan 1996)<\/span><\/li>\n<li><span style=\"line-height: 1.5;\">TECNOLOG\u00cdA III (Plan 1996)<\/span><\/li>\n<\/ul>\n<p><span style=\"color: #ff6600;\"><strong>Protocolo de Ex\u00e1menes Finales en Modalidad Presencial\u00a0<\/strong><\/span><\/p>\n<blockquote class=\"wp-embedded-content\" data-secret=\"GVhLmKoHJT\"><p><a href=\"https:\/\/vocesparalelas.com.ar\/sitio\/se-aprobo-el-protocolo-universitario-que-permite-la-toma-de-examenes-finales-presenciales\/\">Se aprob\u00f3 el protocolo universitario que permite la toma de ex\u00e1menes finales presenciales<\/a><\/p><\/blockquote>\n<p><iframe loading=\"lazy\" class=\"wp-embedded-content\" sandbox=\"allow-scripts\" security=\"restricted\" style=\"position: absolute; clip: rect(1px, 1px, 1px, 1px);\" title=\"&#171;Se aprob\u00f3 el protocolo universitario que permite la toma de ex\u00e1menes finales presenciales&#187; &#8212; Voces Paralelas\" src=\"https:\/\/vocesparalelas.com.ar\/sitio\/se-aprobo-el-protocolo-universitario-que-permite-la-toma-de-examenes-finales-presenciales\/embed\/#?secret=GVhLmKoHJT\" data-secret=\"GVhLmKoHJT\" width=\"600\" height=\"338\" frameborder=\"0\" marginwidth=\"0\" marginheight=\"0\" scrolling=\"no\"><\/iframe><\/p>\n<p><span style=\"color: #ff6600;\"><strong>Protocolo de Mesas de Ex\u00e1menes Virtuales<\/strong><\/span><\/p>\n<p><a href=\"https:\/\/vocesparalelas.com.ar\/sitio\/wp-content\/uploads\/2020\/06\/Protocolo-de-Mesa-de-Examen-Virtual-FAUD-UNSJ.pdf\">Protocolo de Mesa de Examen Virtual FAUD-UNSJ<\/a><\/p>\n<p>&nbsp;<\/p>\n<p>&nbsp;<\/p>\n","protected":false},"excerpt":{"rendered":"<p>Recientemente el Consejo Superior de la Universidad Nacional de San Juan, resolvi\u00f3 por unanimidad, aprobar el Protocolo para la Sustanciaci\u00f3n<\/p>\n","protected":false},"author":3,"featured_media":24036,"comment_status":"closed","ping_status":"closed","sticky":false,"template":"","format":"standard","meta":{"_acf_changed":false,"_seopress_robots_primary_cat":"","_seopress_titles_title":"","_seopress_titles_desc":"","_seopress_robots_index":"","colormag_page_container_layout":"default_layout","colormag_page_sidebar_layout":"default_layout","footnotes":""},"categories":[5],"tags":[],"class_list":["post-29699","post","type-post","status-publish","format-standard","has-post-thumbnail","hentry","category-ofrecimientos"],"acf":[],"_links":{"self":[{"href":"https:\/\/vocesparalelas.com.ar\/sitio\/wp-json\/wp\/v2\/posts\/29699","targetHints":{"allow":["GET"]}}],"collection":[{"href":"https:\/\/vocesparalelas.com.ar\/sitio\/wp-json\/wp\/v2\/posts"}],"about":[{"href":"https:\/\/vocesparalelas.com.ar\/sitio\/wp-json\/wp\/v2\/types\/post"}],"author":[{"embeddable":true,"href":"https:\/\/vocesparalelas.com.ar\/sitio\/wp-json\/wp\/v2\/users\/3"}],"replies":[{"embeddable":true,"href":"https:\/\/vocesparalelas.com.ar\/sitio\/wp-json\/wp\/v2\/comments?post=29699"}],"version-history":[{"count":1,"href":"https:\/\/vocesparalelas.com.ar\/sitio\/wp-json\/wp\/v2\/posts\/29699\/revisions"}],"predecessor-version":[{"id":29700,"href":"https:\/\/vocesparalelas.com.ar\/sitio\/wp-json\/wp\/v2\/posts\/29699\/revisions\/29700"}],"wp:featuredmedia":[{"embeddable":true,"href":"https:\/\/vocesparalelas.com.ar\/sitio\/wp-json\/wp\/v2\/media\/24036"}],"wp:attachment":[{"href":"https:\/\/vocesparalelas.com.ar\/sitio\/wp-json\/wp\/v2\/media?parent=29699"}],"wp:term":[{"taxonomy":"category","embeddable":true,"href":"https:\/\/vocesparalelas.com.ar\/sitio\/wp-json\/wp\/v2\/categories?post=29699"},{"taxonomy":"post_tag","embeddable":true,"href":"https:\/\/vocesparalelas.com.ar\/sitio\/wp-json\/wp\/v2\/tags?post=29699"}],"curies":[{"name":"wp","href":"https:\/\/api.w.org\/{rel}","templated":true}]}}