{"id":29696,"date":"2020-07-16T23:53:12","date_gmt":"2020-07-17T02:53:12","guid":{"rendered":"http:\/\/vocesparalelas.com.ar\/sitio\/?p=29696"},"modified":"2020-07-16T23:53:12","modified_gmt":"2020-07-17T02:53:12","slug":"curso-de-posgrado-metodo-de-los-elementos-finitos","status":"publish","type":"post","link":"https:\/\/vocesparalelas.com.ar\/sitio\/curso-de-posgrado-metodo-de-los-elementos-finitos\/","title":{"rendered":"Curso de Posgrado \u00abM\u00e9todo de los elementos finitos\u00bb"},"content":{"rendered":"<p>El Instituto de Investigaciones Antis\u00edsmicas de la Facultad de Ingenier\u00eda de la UNSJ informa que hasta el 31 de julio se puede la inscripci\u00f3n para el curso de Posgrado \u00abM\u00e9todo de los elementos finitos\u00bb que inicia el 3 de Agosto.<\/p>\n<p>Este curso proporciona la fundamentaci\u00f3n necesaria para la realizaci\u00f3n de an\u00e1lisis estructural utilizando el M\u00e9todo de los Elementos Finitos y conocimientos te\u00f3ricos y pr\u00e1cticos de aplicaci\u00f3n inmediata.<\/p>\n<p><span style=\"color: #008000;\"><strong>Programa sint\u00e9tico<\/strong><\/span><\/p>\n<p>I- Teor\u00eda general del M\u00e9todo de los Elementos Finitos.<\/p>\n<p>II- An\u00e1lisis lineal de estructuras.<\/p>\n<p>III- An\u00e1lisis no lineal de estructuras.<\/p>\n<p>IV- Sistemas acoplados.<\/p>\n<p>V- Implementaci\u00f3n del MEF en computador.<\/p>\n<ul>\n<li>Duraci\u00f3n: 8 semanas a partir del 3 de agosto.<\/li>\n<li>Extensi\u00f3n Horaria: 140 horas totales, 70 horas de clases.<\/li>\n<li>Certificaci\u00f3n: Aprobaci\u00f3n con evaluaci\u00f3n final.<\/li>\n<\/ul>\n<p><span style=\"color: #008000;\"><strong>Informaci\u00f3n e inscripciones<\/strong><\/span><\/p>\n<p><a href=\"mailto:rodari@unsj.edu.ar\">rodari@unsj.edu.ar<\/a><\/p>\n<p>&nbsp;<\/p>\n<p><img loading=\"lazy\" decoding=\"async\" class=\"alignnone wp-image-29697 size-large\" src=\"https:\/\/vocesparalelas.com.ar\/sitio\/wp-content\/uploads\/2020\/07\/FI-CURSO-POS-640x800.jpg\" alt=\"\" width=\"640\" height=\"800\" srcset=\"https:\/\/vocesparalelas.com.ar\/sitio\/wp-content\/uploads\/2020\/07\/FI-CURSO-POS-640x800.jpg 640w, https:\/\/vocesparalelas.com.ar\/sitio\/wp-content\/uploads\/2020\/07\/FI-CURSO-POS-240x300.jpg 240w, https:\/\/vocesparalelas.com.ar\/sitio\/wp-content\/uploads\/2020\/07\/FI-CURSO-POS-768x960.jpg 768w, https:\/\/vocesparalelas.com.ar\/sitio\/wp-content\/uploads\/2020\/07\/FI-CURSO-POS.jpg 800w\" sizes=\"auto, (max-width: 640px) 100vw, 640px\" \/><\/p>\n<p>&nbsp;<\/p>\n<p>&nbsp;<\/p>\n<p>&nbsp;<\/p>\n<p>&nbsp;<\/p>\n","protected":false},"excerpt":{"rendered":"<p>El Instituto de Investigaciones Antis\u00edsmicas de la Facultad de Ingenier\u00eda de la UNSJ informa que hasta el 31 de julio<\/p>\n","protected":false},"author":3,"featured_media":27222,"comment_status":"closed","ping_status":"closed","sticky":false,"template":"","format":"standard","meta":{"_acf_changed":false,"_seopress_robots_primary_cat":"","_seopress_titles_title":"","_seopress_titles_desc":"","_seopress_robots_index":"","colormag_page_container_layout":"default_layout","colormag_page_sidebar_layout":"default_layout","footnotes":""},"categories":[15],"tags":[],"class_list":["post-29696","post","type-post","status-publish","format-standard","has-post-thumbnail","hentry","category-posgrados"],"acf":[],"_links":{"self":[{"href":"https:\/\/vocesparalelas.com.ar\/sitio\/wp-json\/wp\/v2\/posts\/29696","targetHints":{"allow":["GET"]}}],"collection":[{"href":"https:\/\/vocesparalelas.com.ar\/sitio\/wp-json\/wp\/v2\/posts"}],"about":[{"href":"https:\/\/vocesparalelas.com.ar\/sitio\/wp-json\/wp\/v2\/types\/post"}],"author":[{"embeddable":true,"href":"https:\/\/vocesparalelas.com.ar\/sitio\/wp-json\/wp\/v2\/users\/3"}],"replies":[{"embeddable":true,"href":"https:\/\/vocesparalelas.com.ar\/sitio\/wp-json\/wp\/v2\/comments?post=29696"}],"version-history":[{"count":1,"href":"https:\/\/vocesparalelas.com.ar\/sitio\/wp-json\/wp\/v2\/posts\/29696\/revisions"}],"predecessor-version":[{"id":29698,"href":"https:\/\/vocesparalelas.com.ar\/sitio\/wp-json\/wp\/v2\/posts\/29696\/revisions\/29698"}],"wp:featuredmedia":[{"embeddable":true,"href":"https:\/\/vocesparalelas.com.ar\/sitio\/wp-json\/wp\/v2\/media\/27222"}],"wp:attachment":[{"href":"https:\/\/vocesparalelas.com.ar\/sitio\/wp-json\/wp\/v2\/media?parent=29696"}],"wp:term":[{"taxonomy":"category","embeddable":true,"href":"https:\/\/vocesparalelas.com.ar\/sitio\/wp-json\/wp\/v2\/categories?post=29696"},{"taxonomy":"post_tag","embeddable":true,"href":"https:\/\/vocesparalelas.com.ar\/sitio\/wp-json\/wp\/v2\/tags?post=29696"}],"curies":[{"name":"wp","href":"https:\/\/api.w.org\/{rel}","templated":true}]}}