{"id":29692,"date":"2020-07-16T23:16:16","date_gmt":"2020-07-17T02:16:16","guid":{"rendered":"http:\/\/vocesparalelas.com.ar\/sitio\/?p=29692"},"modified":"2020-07-16T23:16:16","modified_gmt":"2020-07-17T02:16:16","slug":"acuerdo-san-juan-bajo-los-aportes-de-la-cultura","status":"publish","type":"post","link":"https:\/\/vocesparalelas.com.ar\/sitio\/acuerdo-san-juan-bajo-los-aportes-de-la-cultura\/","title":{"rendered":"Acuerdo San Juan bajo los aportes de la cultura"},"content":{"rendered":"<p>Con la presencia del gobernador de San Juan, Dr. Sergio U\u00f1ac, se abri\u00f3 la segunda reuni\u00f3n sectorial de la mesa de Cultura, en el marco de la construcci\u00f3n del Acuerdo San Juan.<\/p>\n<p>La ministro de Turismo y Cultura del Gobierno de San Juan, Lic. Claudia Grynszpan, , agradeci\u00f3 la presencia del mandatario en la construcci\u00f3n de esa hoja de ruta para la gobernabilidad realizada con el aporte de todos.<\/p>\n<p>\u201cAs\u00ed surgen estos aportes y miradas compartidas para poder enfrentar de la mejor manera el San Juan del futuro. Hay tres grandes ejes que se visualizaron en la primera reuni\u00f3n: comunicaci\u00f3n, legislaci\u00f3n y desarrollo territorial para llegar a cada una de las realidades en su contexto geogr\u00e1fico\u201d, dijo la ministro.<\/p>\n<p>Luego, el gobernador se refiri\u00f3 al Acuerdo San Juan y su origen al confirmar que \u00abnos planteamos \u00bfqu\u00e9 hacemos con San Juan en la pospandemia? Yo tengo mi percepci\u00f3n pero qu\u00e9 mejor que convocarlos a ustedes y en vez de imaginar qu\u00e9 hacer con la cultura, escucharlos y pasar de la imaginaci\u00f3n a la realidad. Los convocamos para discutir, que es unir, no dividir por primera vez en mucho tiempo. Tenemos que animarnos a expresarnos y a recibir cr\u00edticas y sacar la mejor conclusi\u00f3n, tenemos un desaf\u00edo hist\u00f3rico\u201d.<\/p>\n<p>Luego habl\u00f3 del buen estatus sanitario conseguido por la provincia e inst\u00f3 a aprovecharlo de la mejor manera. \u201cLa movilidad econ\u00f3mica nos est\u00e1 permitiendo subsistir a esta altura de la pandemia, porque en algunos sectores es casi nula, pero a ese estatus lo construimos entre todos y debemos rediscutir para seguir adelante. Tengo mucho para escuchar y tengo convicciones que son el germen de lo que me moviliza\u201d.<\/p>\n<p>Agreg\u00f3 que \u201cno coparticipo la responsabilidad, esa es m\u00eda, pero quiero compartir la decisi\u00f3n y que sea en conjunto\u00bb.<\/p>\n<p>Se\u00f1al\u00f3 luego el mandatario provincial que se busca encontrar el mejor camino ante una pandemia que complic\u00f3 la vida de la gente en todo el mundo y tambi\u00e9n a los sanjuaninos: \u201cSalir de esto depender\u00e1 de nuestra grandeza para trabajar en el mejor sentido\u201d.<\/p>\n<p>Finaliz\u00f3 asegurando que \u201cprometo hacer lo mejor en lo que a m\u00ed me compete, pensando que la situaci\u00f3n es dif\u00edcil pero tenemos esta gran oportunidad\u201d.<\/p>\n<p>La secretaria de Cultura, Prof. Virginia Agote, destac\u00f3 la tarea de los participantes en acordar puntos b\u00e1sicos para la cultura de San Juan.<\/p>\n<p>Estos puntos giran en torno a tres ejes: el primero de ellos, el desarrollo de la marca Cultura San Juan y lo que conlleva, plataformas, registros, comercializaci\u00f3n, conectividad, entre otros temas, \u201ces poder ofrecernos como producto de exportaci\u00f3n\u201d.<\/p>\n<p>El segundo es la legislaci\u00f3n, las normas, la mejor manera de reglamentar y aplicar para cada sector. Se estudiar\u00e1, en forma individual y colectiva, la capacitaci\u00f3n en lo legal, para ofrecer cursos. La ley de mecenazgo es una propuesta concreta para fomentar todas las \u00e1reas, que no incluye solo a la cultura.<\/p>\n<p>El tercer punto es el desarrollo territorial, m\u00e1s all\u00e1 de l\u00edmites geogr\u00e1ficos pol\u00edticos, para trabajar con programas sostenibles en el tiempo y desarrollar cada regi\u00f3n, cada lugar. \u201cSe trata de recuperar la identidad a trav\u00e9s de las fiestas regionales, volviendo al origen de esas fiestas, su patrimonio cultural, y enorgullecernos de esa identidad\u201d, dijo Agote.<\/p>\n<p>Los representantes de la cultura se dividieron en tres grupos para afinar las propuestas en torno a los ejes, las que se defender\u00e1n en las mesas intersectoriales.<\/p>\n<p>&nbsp;<\/p>\n<p><img loading=\"lazy\" decoding=\"async\" class=\"alignnone wp-image-29694 size-full\" src=\"https:\/\/vocesparalelas.com.ar\/sitio\/wp-content\/uploads\/2020\/07\/CULTURA-ACUERDO-01.jpg\" alt=\"\" width=\"800\" height=\"534\" srcset=\"https:\/\/vocesparalelas.com.ar\/sitio\/wp-content\/uploads\/2020\/07\/CULTURA-ACUERDO-01.jpg 800w, https:\/\/vocesparalelas.com.ar\/sitio\/wp-content\/uploads\/2020\/07\/CULTURA-ACUERDO-01-300x200.jpg 300w, https:\/\/vocesparalelas.com.ar\/sitio\/wp-content\/uploads\/2020\/07\/CULTURA-ACUERDO-01-768x513.jpg 768w\" sizes=\"auto, (max-width: 800px) 100vw, 800px\" \/><\/p>\n<p>&nbsp;<\/p>\n","protected":false},"excerpt":{"rendered":"<p>Con la presencia del gobernador de San Juan, Dr. Sergio U\u00f1ac, se abri\u00f3 la segunda reuni\u00f3n sectorial de la mesa<\/p>\n","protected":false},"author":3,"featured_media":29693,"comment_status":"closed","ping_status":"closed","sticky":false,"template":"","format":"standard","meta":{"_acf_changed":false,"_seopress_robots_primary_cat":"","_seopress_titles_title":"","_seopress_titles_desc":"","_seopress_robots_index":"","colormag_page_container_layout":"default_layout","colormag_page_sidebar_layout":"default_layout","footnotes":""},"categories":[1],"tags":[],"class_list":["post-29692","post","type-post","status-publish","format-standard","has-post-thumbnail","hentry","category-destacadas"],"acf":[],"_links":{"self":[{"href":"https:\/\/vocesparalelas.com.ar\/sitio\/wp-json\/wp\/v2\/posts\/29692","targetHints":{"allow":["GET"]}}],"collection":[{"href":"https:\/\/vocesparalelas.com.ar\/sitio\/wp-json\/wp\/v2\/posts"}],"about":[{"href":"https:\/\/vocesparalelas.com.ar\/sitio\/wp-json\/wp\/v2\/types\/post"}],"author":[{"embeddable":true,"href":"https:\/\/vocesparalelas.com.ar\/sitio\/wp-json\/wp\/v2\/users\/3"}],"replies":[{"embeddable":true,"href":"https:\/\/vocesparalelas.com.ar\/sitio\/wp-json\/wp\/v2\/comments?post=29692"}],"version-history":[{"count":1,"href":"https:\/\/vocesparalelas.com.ar\/sitio\/wp-json\/wp\/v2\/posts\/29692\/revisions"}],"predecessor-version":[{"id":29695,"href":"https:\/\/vocesparalelas.com.ar\/sitio\/wp-json\/wp\/v2\/posts\/29692\/revisions\/29695"}],"wp:featuredmedia":[{"embeddable":true,"href":"https:\/\/vocesparalelas.com.ar\/sitio\/wp-json\/wp\/v2\/media\/29693"}],"wp:attachment":[{"href":"https:\/\/vocesparalelas.com.ar\/sitio\/wp-json\/wp\/v2\/media?parent=29692"}],"wp:term":[{"taxonomy":"category","embeddable":true,"href":"https:\/\/vocesparalelas.com.ar\/sitio\/wp-json\/wp\/v2\/categories?post=29692"},{"taxonomy":"post_tag","embeddable":true,"href":"https:\/\/vocesparalelas.com.ar\/sitio\/wp-json\/wp\/v2\/tags?post=29692"}],"curies":[{"name":"wp","href":"https:\/\/api.w.org\/{rel}","templated":true}]}}