{"id":29102,"date":"2020-06-18T21:43:52","date_gmt":"2020-06-19T00:43:52","guid":{"rendered":"http:\/\/vocesparalelas.com.ar\/sitio\/?p=29102"},"modified":"2020-06-18T21:43:52","modified_gmt":"2020-06-19T00:43:52","slug":"con-una-participacion-historica-de-diversos-sectores-comenzo-el-acuerdo-san-juan","status":"publish","type":"post","link":"https:\/\/vocesparalelas.com.ar\/sitio\/con-una-participacion-historica-de-diversos-sectores-comenzo-el-acuerdo-san-juan\/","title":{"rendered":"Con una participaci\u00f3n hist\u00f3rica de diversos sectores comenz\u00f3 el Acuerdo San Juan"},"content":{"rendered":"<p>Un d\u00eda hist\u00f3rico vivi\u00f3 la provincia de San Juan tras el lanzamiento, por parte del gobernador Sergio U\u00f1ac, del Acuerdo San Juan, un llamado para construir el futuro a trav\u00e9s del di\u00e1logo y el consenso. De este lanzamiento, encabezado por el primer mandatario, participaron 16 mesas que encolumnaron a diversos sectores p\u00fablicos y privados de la econom\u00eda y la sociedad sanjuaninas, que se conectaron con el gobernador v\u00eda online.<\/p>\n<p>La convocatoria puso el foco en el trabajo que se llevar\u00e1 a cabo en la provincia cuando se comience a transitar una nueva normalidad, tras la pandemia de COVID-19 que azota a todo el planeta, como tambi\u00e9n el largo plazo.<\/p>\n<p>El primer mandatario realiz\u00f3 este hist\u00f3rico lanzamiento desde el Sal\u00f3n Cruce de los Andes, en el Centro C\u00edvico. Estuvo acompa\u00f1ado por el vicegobernador Roberto Gattoni; la presidenta Corte de Justicia, Adriana Garc\u00eda; el senador Rub\u00e9n U\u00f1ac; el senador Roberto Basualdo; la senadora Cristina L\u00f3pez; el diputado Nacional Walberto Allende; el diputado Nacional Francisco Guevara; el diputado Nacional Marcelo Orrego; la diputada Nacional Graciela Caselles; el diputado Nacional Jos\u00e9 Luis Gioja; el diputado Nacional Eduardo C\u00e1ceres y la ministra de Gobierno, Fabiola Aubone.<\/p>\n<p>El gobernador U\u00f1ac comenz\u00f3 el encuentro agradeciendo \u00aba todas las mesas de trabajo que har\u00e1n un aporte invalorable del futuro que queremos construir entre todos. Agradezco a los sectores que hoy est\u00e1n representados. Lleg\u00f3 el momento de dejar de distinguir entre oficialismo y oposici\u00f3n y reconocernos como representantes de los sanjuaninos. Lo que nos queda es trabajar por y para los sanjuaninos\u201d.<\/p>\n<p><iframe loading=\"lazy\" title=\"U\u00f1ac lanz\u00f3 el acuerdo San Juan con una participaci\u00f3n hist\u00f3rica de diversos sectores\" width=\"800\" height=\"450\" src=\"https:\/\/www.youtube.com\/embed\/xdXDszH2L_8?feature=oembed\" frameborder=\"0\" allow=\"accelerometer; autoplay; encrypted-media; gyroscope; picture-in-picture\" allowfullscreen><\/iframe><\/p>\n<p>&nbsp;<\/p>\n<p>Adem\u00e1s, hizo referencia al esp\u00edritu que mueve este llamado al di\u00e1logo. \u201cEl pasado 13 de junio les dec\u00eda que hoy se har\u00eda la convocatoria a un encuentro significativo a todos los sectores de la provincia. Esta pandemia redobla el compromiso y la responsabilidad de sacar lo mejor de cada uno desde una mirada colectiva para un futuro que nos pueda cobijar a todos\u201d, dijo U\u00f1ac.<\/p>\n<p>El gobernador agreg\u00f3 adem\u00e1s que \u00abla pandemia puso en vilo y en crisis las estructuras sanitarias y econ\u00f3micas del mundo. En este marco, crece la responsabilidad de encontrar desde el an\u00e1lisis del presente, una salida en corto, mediano y largo plazo\u201d.<\/p>\n<p>En ese marco, asegur\u00f3 que \u201ctenemos la enorme responsabilidad de despojarnos de las individualidades, el pensamiento deber\u00e1 ser colectivo y la convocatoria plural. En este Acuerdo San Juan imagino grandes conclusiones y haciendo foco en una econ\u00f3mica m\u00e1s distributiva hacia la sociedad sanjuanina y menos contributiva hacia el Estado. Imagino sociedad equitativa e inclusiva. Debemos asegurar un punto de partida para todos los habitantes. Si no igualamos la l\u00ednea de partida crecer\u00e1 la desigualdad. Imagino a un Acuerdo San Juan con una econom\u00eda o grandes conclusiones que permitan impulsar una nueva realidad para los sanjuaninos\u00bb.<\/p>\n<p>\u201cEl desaf\u00edo es emprender en conjunto y a eso los convoco, y es la base para lograr lo que queremos en la provincia de San Juan\u00bb, explay\u00f3 U\u00f1ac.<\/p>\n<p>\u00abDesde el 1 de julio y durante 60 d\u00edas corridos, las mesas sectoriales donde los sanjuaninos estar\u00e1n representados, instando a la participaci\u00f3n de los sanjuaninos para que se puedan expresar. De esas mesas saldr\u00e1 lo mejor de lo que tenemos. Partiendo del esfuerzo de todos\u00bb, a\u00f1adi\u00f3<\/p>\n<p>Dijo adem\u00e1s: \u201cEl desaf\u00edo que propongo es un nuevo sentido de bienestar. Por lo sanitario, lo econ\u00f3mico y tambi\u00e9n lo emocional. Bienvenidos al Acuerdo San Juan\u201d<\/p>\n<p>Las 16 mesas sectoriales estuvieron distribuidas en distintos puntos f\u00edsicos y se comunicaron con la mesa central, encabezada por el gobernador, v\u00eda Zoom.<\/p>\n<p>As\u00ed expusieron el Sector Empresarial Productivo, coordinado por los ministros de Producci\u00f3n y Desarrollo Econ\u00f3mico, Andr\u00e9s D\u00edaz Cano y de Miner\u00eda, Carlos Astudillo; el Sector Financiero, encabezado por la ministra de Hacienda, Marisa L\u00f3pez y director de Agencia San Juan de Desarrollo de Inversiones, Fabi\u00e1n Ejarque. Estuvo presente tambi\u00e9n el Sector Municipal representado por los intendentes departamentales. El Sector Econ\u00f3mico, Turismo, Comercio y Servicios estuvo coordinado por la ministra de Turismo, Claudia Grynszpan y secretario de Industria y Comercio, Alejandro Mestre. Mientras que el Sector Trabajo: Gremios, Sindicatos, fue encabezado por el subsecretario de Trabajo, Jorge Oribe y secretaria de Gobierno, Justicia y Derechos Humanos, Nerina Eusebi. El Sector Cultura fue coordinado por la secretaria de Cultura, Virginia Agote. Por otro lado, estuvieron tambi\u00e9n las Entidades Profesionales FEPU y de Investigaci\u00f3n Cient\u00edfica\/ Institutos Cient\u00edficos y de Investigaci\u00f3n Nacionales con asiento en San Juan, coordinado este sector por la subsecretaria en Ciencia y Tecnolog\u00eda, Marita Benavente. El Sector Salud y sociedades cient\u00edficas fue encabezado por la ministra de Salud, Alejandra Venerando; el Sector Educaci\u00f3n y Universidades fue encabezado por el ministro de Educaci\u00f3n, Felipe de Los R\u00edos y secretario de Ciencia, Tecnolog\u00eda e Innovaci\u00f3n, Tulio del Bono. Mientras que el sector Deportes fue coordinado por el secretario de Deportes, Jorge Chica. Tambi\u00e9n estuvo presente el Sector Obras, Ambiente y Energ\u00edas, coordinado por el ministro de Obras y Servicio, Julio Ortiz Andino y secretario de Ambiente, Ra\u00fal Tello. El Sector de Investigaci\u00f3n y Desarrollo TEC fue encabezado por el secretario de Pol\u00edtica Econ\u00f3mica, Alejandro Moreno y presidenta COPESJ, Graciela Mart\u00edn de Roca y las Organizaciones Sociales estuvieron representadas por el ministro de Desarrollo Humano, Fabio Aballay. Fuerzas Armadas y de Seguridad fue coordinada por el secretario de Seguridad, Carlos Munisaga. El Sector Legislativo, C\u00e1mara de Diputados\/Partidos Pol\u00edticos con representaci\u00f3n Parlamentaria, fue coordinado por el vicegobernador, Roberto Gattoni. Por \u00faltimo, Cultos y ONG fue coordinado por el secretario de Relaciones Institucionales, Marcelo Fretes.<\/p>\n<p>En nombre del Sector Empresarial Productivo habl\u00f3 Antonio Gim\u00e9nez, presidente de la C\u00e1mara de Comercio Exterior. \u201cLa pandemia nos pone situaci\u00f3n dif\u00edcil que tenemos que asumir. Saldremos mejor desde el punto de vista social. La agricultura, la econom\u00eda familiar, la miner\u00eda estar\u00e1n presentes para hacer su aporte. Ser\u00e1 importante aprender a escucharnos. As\u00ed, el sector privado est\u00e1 comprometido para que toda la comunidad pueda salir lo mejor posible de la pandemia\u201d, asegur\u00f3.<\/p>\n<p>Por su lado, el presidente del Banco San Juan, Sebasti\u00e1n Esquenazi, habl\u00f3 en representaci\u00f3n del Sector Financiero, agradeci\u00f3 \u00abla oportunidad de estar todos juntos y de ver cu\u00e1les son las problem\u00e1ticas. El sector financiero est\u00e1 comprometido con el sector productivo, de investigaci\u00f3n, social y para dar herramientas a lo que vendr\u00e1. Nos ponemos a disposici\u00f3n para trabajar en conjunto y para que en poco tiempo haya ideas concretas sobre distintas situaciones\u00bb.<\/p>\n<p>En representaci\u00f3n de los municipios y en nombre de los intendentes, Fabi\u00e1n Mart\u00edn analiz\u00f3 que \u00abes oportuno poder trabajar en un acuerdo social entre todos los sectores, destacar el estatus sanitario privilegiado que nos permite reactivar la econom\u00eda provincia. La historia de la humanidad est\u00e1 marcada por los acuerdos sociales luego de las grandes crisis, es por eso que los intendentes haremos un trabajo paralelo, comunic\u00e1ndonos con los sectores vivos de departamento para traer nuestras propuestas superadores que nos permitan fijar los objetivos, respuestas a corto y largo plazo, pensar en un San Juan que nos permita vivir mejor\u00bb.<\/p>\n<p>Por el Sector Turismo, Comercio y Servicio, habl\u00f3 el presidente del Centro Comercial de San Juan, Dar\u00edo Minozzi: \u201cEstamos atravesando una situaci\u00f3n eventual. Hay que tener en cuenta tres conceptos, responsabilidad, conciencia y solidaridad, basado en el hecho de poder sobrevivir a esta pandemia, somos responsables de escribir nuestra historia. En esta mesa se manifestaron todos los aspectos que afecta esta pandemia. Es momento de planificar nuestro futuro\u201d.<\/p>\n<p>Por los gremios y sindicatos que componen la CGT San Juan, Julio Figueroa, calific\u00f3 el encuentro de \u00abhist\u00f3rico\u00bb, al se\u00f1alar que \u00abes la primera vez que se nos da la oportunidad de opinar sobre el futuro. Estamos agradecidos, los trabajadores siempre pensamos en la defensa del trabajador, doy gracias por habernos unidos todos. Podemos ganarle a la pandemia si abrimos las mentes para que nos escuchemos todos\u201d.<\/p>\n<p>En tanto que por los representantes de la cultura sanjuanina, tuvo la palabra el realizador audiovisual, Daniel Gil. \u201cDe las grandes crisis se sale con acuerdos, eso es una verdad. Ahora hay que reconstruir desde los lazos solidarios. La cultura es un sector privilegiado, ya que se desarrolla en distintos \u00e1mbitos, privado y p\u00fablico y redoblaremos el esfuerzo. La idea es nuclearnos, hay deseo colectivo de juntarnos. Hay que vislumbrar un nuevo San Juan\u201d.<\/p>\n<p>En representaci\u00f3n de las Entidades Profesionales FEPU y de Investigaci\u00f3n Cient\u00edfica\/ Institutos Cient\u00edficos y de Investigaci\u00f3n Nacionales con asiento en San Juan, Cristobal S\u00e1nchez dijo que \u201ceste es un sector importante en la sociedad\u00bb, por tener una mirada multisectorial, \u00abcreemos en la sumatoria de todos, para que el Gobierno tengan verdaderas pol\u00edticas de Estado despu\u00e9s de esta pandemia, tambi\u00e9n pensar en el San Juan del futuro. Queremos aportar ideas y proyectos. Que el sector le devuelva a la sociedad lo que \u00e9sta le dio\u201d.<\/p>\n<p>Desde la Asociaci\u00f3n Sarmiento, Ricardo Ruvinsky, tom\u00f3 la palabra desde la mesa que reuni\u00f3 a representantes de la salud, \u00abhablamos de la necesidad del manejo de lo que quede de la pandemia, que ojal\u00e1 sea poco. Queremos planificar para etapa pospandemia. Cada sector expuso su problem\u00e1tica, no se dej\u00f3 de tener en cuenta a los pacientes. Lo hicimos dejando de lado intereses personales, tratando de ser m\u00e1s amplio en el criterio, llegaremos a buen puerto\u00bb.<\/p>\n<p>ara representar al Sector Educaci\u00f3n y Universidades, habl\u00f3 el rector de la Universidad Cat\u00f3lica de Cuyo, Claudio Larrea, qui\u00e9n consider\u00f3 el Acuerdo San Juan como un ejemplo para otras provincias, \u00abpor el fruto de la comunicaci\u00f3n y los resultados. Algunas ideas han quedado que tenemos que trabajar desde el nivel inicial hasta los grados universitarios. No solo como atravesar a pandemia y despu\u00e9s, sino para tomar acciones para realizar actividades para que la educaci\u00f3n sea equitativa. Estas decisiones y accione que trabajaremos, pensamos en un plan y consensuados con los diferentes actores que forman el sector educativo. Tomamos esta cat\u00e1strofe como oportunidad de aprendizaje y progreso\u201d.<\/p>\n<p>La mesa de Deportes, estuvo representada por el presidente de la Federaci\u00f3n Sanjuanina de B\u00e1squebol, Dar\u00edo Bustos, qui\u00e9n reconoci\u00f3 \u00abel progreso del deporte en estos \u00faltimos 4 a\u00f1os. El deporte nos une, es educaci\u00f3n, es inversi\u00f3n y trabajo. El deporte atraviesa a todas las clases sociales y este flagelo nos pone a prueba. Como comunidad tenemos la oportunidad de asumir este compromiso, para lograr un acuerdo que nos lleve a afrontar lo que se nos pone en el camino\u201d.<\/p>\n<p>El la voz del sector Obras, Ambiente y Energ\u00eda, estuvo el presidente de la C\u00e1mara de la Construcci\u00f3n, Ante Dumandzic, qui\u00e9n reflexion\u00f3 que \u00abeste acuerdo demuestra una sociedad madura, por el San Juan que queremos. Hoy nos toca resolver este problema de pandemia, estamos todos unidos para seguir trabajando por nuestro futuro. Demostramos a nuestros j\u00f3venes que tenemos una sociedad madura. Lo que tenemos claros es que estamos juntos para tirar de este gran carro\u00bb.<\/p>\n<p>Daniel Baca, presidente de CASETIC, fue qui\u00e9n en representaci\u00f3n de los sectores de Investigaci\u00f3n y Desarrollo TEC y asegur\u00f3 que el escenario mundial \u00abNos impulsa a una transformaci\u00f3n digital\u00bb.<br \/>\n\u00abTenemos propuestas que est\u00e1n en sinton\u00eda con los objetivos de la Provincia, con generaci\u00f3n de empleo y transformaci\u00f3n de la matriz productiva. Creo que la demanda de trabajo a nivel global es gigante. En San Juan podemos capitalizarlo\u201d, a\u00f1adi\u00f3.<\/p>\n<p>En representaci\u00f3n de las Organizaciones Sociales hablaron Sergio Calder\u00f3n y Laura Vera, de Amas de Casa, quienes coincidieron en afirmar que ya vienen trabajando con los sectores m\u00e1s vulnerables de la provincia y que seguir\u00e1n en esa sinton\u00eda. \u201cVamos a aportar nuestra experiencia\u201d, dijeron.<\/p>\n<p>Fue el jefe de la Polic\u00eda de San Juan quien habl\u00f3 en representaci\u00f3n del sectorFuerzas Armadas y de Seguridad. Luis Mart\u00ednez dijo con alto sentido de compromiso y pertenencia que \u00abestamos a disposici\u00f3n para trabajar en procura de garantizar cumpliendo directrices emanadas de la OMS, canalizadas por el Comit\u00e9 COVID, para garantizar los est\u00e1ndares de salud de la provincia\u201d.<\/p>\n<p>En nombre de los legisladores sanjuaninos, Sergio Miodowsky, asegur\u00f3 que \u201cestamos trabajando todos los bloques unidos porque as\u00ed saldremos adelante. Ponemos en el marco de pluralidad de ideas para llegar al consenso necesario para mejorar la vida de los sanjuaninos\u201d.<\/p>\n<p>Para finalizar, el arzobispo de San Juan, monse\u00f1or Jorge Lozano se\u00f1al\u00f3 en nombre de los Cultos que \u00abestamos preocupados todos como esta emergencia impacta sobre todo en los m\u00e1s pobres, Esta situaci\u00f3n es transversal, las mesas no son compartimentos estancos. Nuestro aporte tiene que ver con el desarrollo integral para cuidarnos para que no centremos la mirada en el dinero sino e la inclusi\u00f3n social, que podamos crecer en fraternidad. Sobre las situaciones an\u00edmicas de nuestra poblaci\u00f3n, desde los diversos cultos queremos hace llegar palabras de aliento, esperanza. La dimensi\u00f3n espiritual nos ayuda a sostener el tiempo de crisis desde una mirada esperanzadora. Que tengamos lugar para todos, teniendo en cuenta que no sobra nadie y todos somos necesarios\u201d.<\/p>\n<p>Luego de que todos los sectores expusieron y para concluir, el gobernador U\u00f1ac dijo: \u201cTenemos distintos tipos de responsabilidades, pero conformamos el presente y futuro de los sanjuaninos. Saldremos mirando hacia adelante. La pandemia pone en discusi\u00f3n el presente y el futuro que podamos construir entre todos. Dejando las diferencias de lado para encontrar un camino que nos conduzca hacia el futuro. El desaf\u00edo ser\u00e1 convertir un hecho negativo, en una gran oportunidad. Repensemos a San Juan, estamos convocados a eso\u201d.<\/p>\n<p><img loading=\"lazy\" decoding=\"async\" class=\"alignnone wp-image-29105 size-full\" src=\"https:\/\/vocesparalelas.com.ar\/sitio\/wp-content\/uploads\/2020\/06\/ACUERDO-SAN-JUAN-02.jpg\" alt=\"\" width=\"800\" height=\"425\" srcset=\"https:\/\/vocesparalelas.com.ar\/sitio\/wp-content\/uploads\/2020\/06\/ACUERDO-SAN-JUAN-02.jpg 800w, https:\/\/vocesparalelas.com.ar\/sitio\/wp-content\/uploads\/2020\/06\/ACUERDO-SAN-JUAN-02-300x159.jpg 300w, https:\/\/vocesparalelas.com.ar\/sitio\/wp-content\/uploads\/2020\/06\/ACUERDO-SAN-JUAN-02-768x408.jpg 768w\" sizes=\"auto, (max-width: 800px) 100vw, 800px\" \/><\/p>\n<p><img loading=\"lazy\" decoding=\"async\" class=\"alignnone wp-image-29104 size-full\" src=\"https:\/\/vocesparalelas.com.ar\/sitio\/wp-content\/uploads\/2020\/06\/ACUERDO-SAN-JUAN-LOGO.jpg\" alt=\"\" width=\"800\" height=\"432\" srcset=\"https:\/\/vocesparalelas.com.ar\/sitio\/wp-content\/uploads\/2020\/06\/ACUERDO-SAN-JUAN-LOGO.jpg 800w, https:\/\/vocesparalelas.com.ar\/sitio\/wp-content\/uploads\/2020\/06\/ACUERDO-SAN-JUAN-LOGO-300x162.jpg 300w, https:\/\/vocesparalelas.com.ar\/sitio\/wp-content\/uploads\/2020\/06\/ACUERDO-SAN-JUAN-LOGO-768x415.jpg 768w\" sizes=\"auto, (max-width: 800px) 100vw, 800px\" \/><\/p>\n","protected":false},"excerpt":{"rendered":"<p>Un d\u00eda hist\u00f3rico vivi\u00f3 la provincia de San Juan tras el lanzamiento, por parte del gobernador Sergio U\u00f1ac, del Acuerdo<\/p>\n","protected":false},"author":3,"featured_media":29103,"comment_status":"closed","ping_status":"closed","sticky":false,"template":"","format":"video","meta":{"_acf_changed":false,"_seopress_robots_primary_cat":"","_seopress_titles_title":"","_seopress_titles_desc":"","_seopress_robots_index":"","colormag_page_container_layout":"default_layout","colormag_page_sidebar_layout":"default_layout","footnotes":""},"categories":[1,7],"tags":[],"class_list":["post-29102","post","type-post","status-publish","format-video","has-post-thumbnail","hentry","category-destacadas","category-videos","post_format-post-format-video"],"acf":[],"_links":{"self":[{"href":"https:\/\/vocesparalelas.com.ar\/sitio\/wp-json\/wp\/v2\/posts\/29102","targetHints":{"allow":["GET"]}}],"collection":[{"href":"https:\/\/vocesparalelas.com.ar\/sitio\/wp-json\/wp\/v2\/posts"}],"about":[{"href":"https:\/\/vocesparalelas.com.ar\/sitio\/wp-json\/wp\/v2\/types\/post"}],"author":[{"embeddable":true,"href":"https:\/\/vocesparalelas.com.ar\/sitio\/wp-json\/wp\/v2\/users\/3"}],"replies":[{"embeddable":true,"href":"https:\/\/vocesparalelas.com.ar\/sitio\/wp-json\/wp\/v2\/comments?post=29102"}],"version-history":[{"count":1,"href":"https:\/\/vocesparalelas.com.ar\/sitio\/wp-json\/wp\/v2\/posts\/29102\/revisions"}],"predecessor-version":[{"id":29106,"href":"https:\/\/vocesparalelas.com.ar\/sitio\/wp-json\/wp\/v2\/posts\/29102\/revisions\/29106"}],"wp:featuredmedia":[{"embeddable":true,"href":"https:\/\/vocesparalelas.com.ar\/sitio\/wp-json\/wp\/v2\/media\/29103"}],"wp:attachment":[{"href":"https:\/\/vocesparalelas.com.ar\/sitio\/wp-json\/wp\/v2\/media?parent=29102"}],"wp:term":[{"taxonomy":"category","embeddable":true,"href":"https:\/\/vocesparalelas.com.ar\/sitio\/wp-json\/wp\/v2\/categories?post=29102"},{"taxonomy":"post_tag","embeddable":true,"href":"https:\/\/vocesparalelas.com.ar\/sitio\/wp-json\/wp\/v2\/tags?post=29102"}],"curies":[{"name":"wp","href":"https:\/\/api.w.org\/{rel}","templated":true}]}}