{"id":29049,"date":"2020-06-16T00:24:20","date_gmt":"2020-06-16T03:24:20","guid":{"rendered":"http:\/\/vocesparalelas.com.ar\/sitio\/?p=29049"},"modified":"2020-06-16T00:38:28","modified_gmt":"2020-06-16T03:38:28","slug":"concluyo-el-curso-de-especializacion-en-comunicacion-publica-de-la-ciencia","status":"publish","type":"post","link":"https:\/\/vocesparalelas.com.ar\/sitio\/concluyo-el-curso-de-especializacion-en-comunicacion-publica-de-la-ciencia\/","title":{"rendered":"Concluy\u00f3 el curso de especializaci\u00f3n en Comunicaci\u00f3n P\u00fablica de la Ciencia"},"content":{"rendered":"<p>El curso estuvo organizado entre el Gobierno de San Juan y la Universidad Nacional de San Juan.<\/p>\n<ul>\n<li>La UNSJ a trav\u00e9s de las Secretar\u00edas de Comunicaci\u00f3n y de Ciencia y T\u00e9cnica.<\/li>\n<li>El Gobierno de San Juan por medio de la Secretar\u00eda de Ciencia, Tecnolog\u00eda e Innovaci\u00f3n y la Subsecretar\u00eda de Informaci\u00f3n P\u00fablica respectivamente. Tambi\u00e9n particip\u00f3 el Consejo de Comunicadores Sociales de San Juan.<\/li>\n<\/ul>\n<p>La capacitaci\u00f3n tuvo como objetivo general especializar a los cursantes en Comunicaci\u00f3n P\u00fablica de la Ciencia, para estimular la circulaci\u00f3n de noticias de ciencia en los medios locales.<\/p>\n<p>Se busc\u00f3 ofrecer respuestas a cuestiones como para qu\u00e9 el conocimiento entendido como un bien p\u00fablico, social y estrat\u00e9gico, debe estar al alcance de todos; c\u00f3mo se constituye el doble rol period\u00edstico: por un lado, facilitar el acceso al conocimiento y por otro, interpretar las demandas de la sociedad hacia la ciencia y la tecnolog\u00eda, acortando el camino entre la demanda social y la soluci\u00f3n cient\u00edfico-tecnol\u00f3gica: por qu\u00e9 es necesario aportar herramientas para que los profesionales de la comunicaci\u00f3n puedan llevar a cabo esta tarea. Al tiempo, la capacitaci\u00f3n ofrece una formaci\u00f3n profesional en este campo disciplinar, sustentada en fundamentos te\u00f3ricos y pr\u00e1cticos pertinentes.<\/p>\n<p>Para tal fin, la SECITI otorg\u00f3 un subsidio de $405.150,00, estos fondos fueron aplicados en forma exclusiva al desarrollo del \u201cCurso de Especializaci\u00f3n en Comunicaci\u00f3n P\u00fablica de la Ciencia\u201d, llevado a cabo por la UNSJ durante el a\u00f1o 2019.<\/p>\n<p>El conocimiento constituye un bien social, colectivo y estrat\u00e9gico al que deben tener acceso todas las personas sin distinci\u00f3n social, de g\u00e9nero, etnia ni religi\u00f3n, y el Estado debe garantizar su acceso y democratizaci\u00f3n a toda la sociedad.<\/p>\n<p>\u201cEl desarrollo mundial de la actividad cient\u00edfica y tecnol\u00f3gica ha evolucionado r\u00e1pidamente en los \u00faltimos tiempos. La biotecnolog\u00eda incurre permanentemente en temas relacionados a la manipulaci\u00f3n gen\u00e9tica y el ser humano puede comenzar a \u201cjugar a ser Dios\u201d; la energ\u00eda nuclear puede salvar vidas con modernos tratamientos oncol\u00f3gicos o puede llegar a destruir nuestro planeta; la inform\u00e1tica y las tecnolog\u00edas de comunicaci\u00f3n pueden ayudarnos a comunicarnos mejor o pueden servir para manipular nuestras mentes y espiar nuestras vidas. En definitiva, es hora de que el avance de la ciencia no sea solo una decisi\u00f3n de los propios cient\u00edficos sino de toda la sociedad. Pero para que la sociedad pueda participar eficaz y efectivamente debe estar debidamente formada e informada. De esto \u00faltimo se deber\u00edan encargar, al menos en una parte importante, los periodistas cient\u00edficos\u201d &#8211; puntualiz\u00f3 el Ing. Tulio Del Bono.<\/p>\n<p>&nbsp;<\/p>\n<p><img loading=\"lazy\" decoding=\"async\" class=\"alignnone wp-image-22486 size-large\" src=\"https:\/\/vocesparalelas.com.ar\/sitio\/wp-content\/uploads\/2019\/07\/UNSJ-LOGO-10-800x534.jpg\" alt=\"\" width=\"800\" height=\"534\" srcset=\"https:\/\/vocesparalelas.com.ar\/sitio\/wp-content\/uploads\/2019\/07\/UNSJ-LOGO-10-800x534.jpg 800w, https:\/\/vocesparalelas.com.ar\/sitio\/wp-content\/uploads\/2019\/07\/UNSJ-LOGO-10-300x200.jpg 300w, https:\/\/vocesparalelas.com.ar\/sitio\/wp-content\/uploads\/2019\/07\/UNSJ-LOGO-10-768x512.jpg 768w, https:\/\/vocesparalelas.com.ar\/sitio\/wp-content\/uploads\/2019\/07\/UNSJ-LOGO-10.jpg 1000w\" sizes=\"auto, (max-width: 800px) 100vw, 800px\" \/><\/p>\n<p>&nbsp;<\/p>\n<p><img loading=\"lazy\" decoding=\"async\" class=\"alignnone wp-image-1245 size-large\" src=\"https:\/\/vocesparalelas.com.ar\/sitio\/wp-content\/uploads\/2017\/05\/CASA-DE-GOBIERNO-01-800x534.jpg\" alt=\"\" width=\"800\" height=\"534\" srcset=\"https:\/\/vocesparalelas.com.ar\/sitio\/wp-content\/uploads\/2017\/05\/CASA-DE-GOBIERNO-01.jpg 800w, https:\/\/vocesparalelas.com.ar\/sitio\/wp-content\/uploads\/2017\/05\/CASA-DE-GOBIERNO-01-300x200.jpg 300w, https:\/\/vocesparalelas.com.ar\/sitio\/wp-content\/uploads\/2017\/05\/CASA-DE-GOBIERNO-01-768x513.jpg 768w\" sizes=\"auto, (max-width: 800px) 100vw, 800px\" \/><\/p>\n","protected":false},"excerpt":{"rendered":"<p>El curso estuvo organizado entre el Gobierno de San Juan y la Universidad Nacional de San Juan. La UNSJ a<\/p>\n","protected":false},"author":3,"featured_media":28337,"comment_status":"closed","ping_status":"closed","sticky":false,"template":"","format":"standard","meta":{"_acf_changed":false,"_seopress_robots_primary_cat":"","_seopress_titles_title":"","_seopress_titles_desc":"","_seopress_robots_index":"","colormag_page_container_layout":"default_layout","colormag_page_sidebar_layout":"default_layout","footnotes":""},"categories":[1],"tags":[],"class_list":["post-29049","post","type-post","status-publish","format-standard","has-post-thumbnail","hentry","category-destacadas"],"acf":[],"_links":{"self":[{"href":"https:\/\/vocesparalelas.com.ar\/sitio\/wp-json\/wp\/v2\/posts\/29049","targetHints":{"allow":["GET"]}}],"collection":[{"href":"https:\/\/vocesparalelas.com.ar\/sitio\/wp-json\/wp\/v2\/posts"}],"about":[{"href":"https:\/\/vocesparalelas.com.ar\/sitio\/wp-json\/wp\/v2\/types\/post"}],"author":[{"embeddable":true,"href":"https:\/\/vocesparalelas.com.ar\/sitio\/wp-json\/wp\/v2\/users\/3"}],"replies":[{"embeddable":true,"href":"https:\/\/vocesparalelas.com.ar\/sitio\/wp-json\/wp\/v2\/comments?post=29049"}],"version-history":[{"count":1,"href":"https:\/\/vocesparalelas.com.ar\/sitio\/wp-json\/wp\/v2\/posts\/29049\/revisions"}],"predecessor-version":[{"id":29050,"href":"https:\/\/vocesparalelas.com.ar\/sitio\/wp-json\/wp\/v2\/posts\/29049\/revisions\/29050"}],"wp:featuredmedia":[{"embeddable":true,"href":"https:\/\/vocesparalelas.com.ar\/sitio\/wp-json\/wp\/v2\/media\/28337"}],"wp:attachment":[{"href":"https:\/\/vocesparalelas.com.ar\/sitio\/wp-json\/wp\/v2\/media?parent=29049"}],"wp:term":[{"taxonomy":"category","embeddable":true,"href":"https:\/\/vocesparalelas.com.ar\/sitio\/wp-json\/wp\/v2\/categories?post=29049"},{"taxonomy":"post_tag","embeddable":true,"href":"https:\/\/vocesparalelas.com.ar\/sitio\/wp-json\/wp\/v2\/tags?post=29049"}],"curies":[{"name":"wp","href":"https:\/\/api.w.org\/{rel}","templated":true}]}}