{"id":29042,"date":"2020-06-15T22:12:39","date_gmt":"2020-06-16T01:12:39","guid":{"rendered":"http:\/\/vocesparalelas.com.ar\/sitio\/?p=29042"},"modified":"2020-06-15T22:12:39","modified_gmt":"2020-06-16T01:12:39","slug":"finalizo-el-proyecto-institucional-faud-covid-19","status":"publish","type":"post","link":"https:\/\/vocesparalelas.com.ar\/sitio\/finalizo-el-proyecto-institucional-faud-covid-19\/","title":{"rendered":"Finaliz\u00f3 el Proyecto Institucional FAUD &#8211; COVID 19"},"content":{"rendered":"<p>El Viernes, 12 de Junio, se formaliz\u00f3 el cierre del Proyecto Institucional FAUD &#8211; COVID 19 que, por iniciativa de la unidad acad\u00e9mica, pretendi\u00f3 dar respuesta a los requerimientos sanitarios producto de la emergencia y que permite el compromiso.<\/p>\n<p>Apelando al personal capacitado y el equipamiento que dispone nuestra instituci\u00f3n, se formul\u00f3 el proyecto para producir m\u00e1scaras sanitarias para uso, en principio, del personal de la universidad.<\/p>\n<p>A \u00e9sta iniciativa se sumaron la Escuela Industrial Domingo Faustino Sarmiento, el Colegio San Jos\u00e9 y la participaci\u00f3n voluntaria de docentes, alumnos y egresado, disponiendo de su trabajo, equipamiento y materiales, dando sostenimiento a las actividades, cuya producci\u00f3n fue evolucionado en funci\u00f3n de la verificaci\u00f3n de la producci\u00f3n, en cuanto a ajustes ergonom\u00e9tricos, optimizaci\u00f3n de materiales y capacidad de producci\u00f3n, proponiendo varios prototipos de uso.<\/p>\n<p>Las necesidades planteadas por distintos organismos p\u00fablicos y privados obligaron a la reconsideraci\u00f3n de lo propuesto, d\u00e1ndose respuesta tambi\u00e9n a centros de salud como hospitales, salas de atenci\u00f3n primaria, y asociaciones m\u00e9dicas, servicios de ambulancia y DAMSU entre otras.<\/p>\n<p>De \u00e9sta manera la Universidad Nacional de San Juan dio respuesta, tanto a los requerimientos de su personal, como a los de la comunidad a la que pertenece.<\/p>\n<p>&nbsp;<\/p>\n<p>&nbsp;<\/p>\n<p>&nbsp;<\/p>\n","protected":false},"excerpt":{"rendered":"<p>El Viernes, 12 de Junio, se formaliz\u00f3 el cierre del Proyecto Institucional FAUD &#8211; COVID 19 que, por iniciativa de<\/p>\n","protected":false},"author":3,"featured_media":29043,"comment_status":"closed","ping_status":"closed","sticky":false,"template":"","format":"standard","meta":{"_acf_changed":false,"_seopress_robots_primary_cat":"","_seopress_titles_title":"","_seopress_titles_desc":"","_seopress_robots_index":"","colormag_page_container_layout":"default_layout","colormag_page_sidebar_layout":"default_layout","footnotes":""},"categories":[1],"tags":[],"class_list":["post-29042","post","type-post","status-publish","format-standard","has-post-thumbnail","hentry","category-destacadas"],"acf":[],"_links":{"self":[{"href":"https:\/\/vocesparalelas.com.ar\/sitio\/wp-json\/wp\/v2\/posts\/29042","targetHints":{"allow":["GET"]}}],"collection":[{"href":"https:\/\/vocesparalelas.com.ar\/sitio\/wp-json\/wp\/v2\/posts"}],"about":[{"href":"https:\/\/vocesparalelas.com.ar\/sitio\/wp-json\/wp\/v2\/types\/post"}],"author":[{"embeddable":true,"href":"https:\/\/vocesparalelas.com.ar\/sitio\/wp-json\/wp\/v2\/users\/3"}],"replies":[{"embeddable":true,"href":"https:\/\/vocesparalelas.com.ar\/sitio\/wp-json\/wp\/v2\/comments?post=29042"}],"version-history":[{"count":1,"href":"https:\/\/vocesparalelas.com.ar\/sitio\/wp-json\/wp\/v2\/posts\/29042\/revisions"}],"predecessor-version":[{"id":29044,"href":"https:\/\/vocesparalelas.com.ar\/sitio\/wp-json\/wp\/v2\/posts\/29042\/revisions\/29044"}],"wp:featuredmedia":[{"embeddable":true,"href":"https:\/\/vocesparalelas.com.ar\/sitio\/wp-json\/wp\/v2\/media\/29043"}],"wp:attachment":[{"href":"https:\/\/vocesparalelas.com.ar\/sitio\/wp-json\/wp\/v2\/media?parent=29042"}],"wp:term":[{"taxonomy":"category","embeddable":true,"href":"https:\/\/vocesparalelas.com.ar\/sitio\/wp-json\/wp\/v2\/categories?post=29042"},{"taxonomy":"post_tag","embeddable":true,"href":"https:\/\/vocesparalelas.com.ar\/sitio\/wp-json\/wp\/v2\/tags?post=29042"}],"curies":[{"name":"wp","href":"https:\/\/api.w.org\/{rel}","templated":true}]}}