{"id":28211,"date":"2020-05-07T21:12:57","date_gmt":"2020-05-08T00:12:57","guid":{"rendered":"http:\/\/vocesparalelas.com.ar\/sitio\/?p=28211"},"modified":"2020-05-09T00:31:11","modified_gmt":"2020-05-09T03:31:11","slug":"la-primera-reglamentacion-minera-implementada-por-domingo-faustino-sarmiento","status":"publish","type":"post","link":"https:\/\/vocesparalelas.com.ar\/sitio\/la-primera-reglamentacion-minera-implementada-por-domingo-faustino-sarmiento\/","title":{"rendered":"La primera reglamentaci\u00f3n minera implementada por Domingo Faustino Sarmiento"},"content":{"rendered":"<p>Domingo Faustino Sarmiento asumi\u00f3 la Gobernaci\u00f3n de San Juan en enero de 1862 con un objetivo claro, el futuro de la provincia estaba atravesado por la miner\u00eda. Por este motivo enfoc\u00f3 todos sus esfuerzos en desarrollar la actividad, reglamentarla y conseguir el apoyo del gobierno nacional por ese entonces. El pr\u00f3cer sanjuanino entendi\u00f3 desde un primer momento el potencial minero con el que cuenta nuestro territorio y una de las primeras medidas que tom\u00f3 fue la de regularizar la labor que realizaban las empresas.<\/p>\n<p>Uno de los documentos claves que almacena el Sistema Provincial de Archivos y Direcci\u00f3n de Archivo General de la Provincia es un Decreto del Poder Ejecutivo provincial con fecha del 16 de julio de 1863, en el cual Sarmiento describe la informalidad en la que se encuentra el sector y como esto termina en perjuicio de los trabajadores y de los mismos empresarios. \u201cPara cortar con tan grave mal, el Poder Ejecutivo ha acordado y decreta:<\/p>\n<p><img loading=\"lazy\" decoding=\"async\" class=\"wp-image-28213 size-full aligncenter\" src=\"https:\/\/vocesparalelas.com.ar\/sitio\/wp-content\/uploads\/2020\/05\/MINERIA-05.jpg\" alt=\"\" width=\"533\" height=\"799\" srcset=\"https:\/\/vocesparalelas.com.ar\/sitio\/wp-content\/uploads\/2020\/05\/MINERIA-05.jpg 533w, https:\/\/vocesparalelas.com.ar\/sitio\/wp-content\/uploads\/2020\/05\/MINERIA-05-200x300.jpg 200w\" sizes=\"auto, (max-width: 533px) 100vw, 533px\" \/><\/p>\n<p>Art 1: Todos los contratos de sociedad para trabajar una o m\u00e1s minas, o para fundar o poner en ejercicio establecimientos de minerales que existan hoy, y que no consten de documento escrito, ser\u00e1n puestos en esa forma antes del 1\u00b0 de septiembre del presente a\u00f1o.<\/p>\n<p>Art 2: Antes del 1\u00b0 de octubre de este a\u00f1o se presentar\u00e1n los contratos escritos de compa\u00f1\u00eda de minas o de establecimientos de metalurgia a la Diputaci\u00f3n de Minas, para que se tome raz\u00f3n de su contenido\u201d. Establec\u00eda en sus dos primeros art\u00edculos este decreto que lleva la firma final del por entonces Gobernador de San Juan.<\/p>\n<p>De esta manera Sarmiento logra tener el primer registro de trabajadores y empresas en todos los emprendimientos mineros que se encuentran en explotaci\u00f3n o exploraci\u00f3n en la provincia. A su vez, tener un orden del recurso que se est\u00e1 explotando y el destino del mismo. Adem\u00e1s en los siguientes art\u00edculos del documento se detalla espec\u00edficamente las multas que se aplicaran en caso de incumplir con las legislaciones de trabajo vigentes, la presentaci\u00f3n de contratos ante la autoridad de aplicaci\u00f3n o la falta de \u201ccuentas claras\u201d, seg\u00fan expresa el texto.<\/p>\n<p>Seg\u00fan los registros de la \u00e9poca en San Juan por esos a\u00f1os exist\u00edan varios emprendimientos mineros en actividad como el del Tontal (plata y plomo) e Hilario (fundici\u00f3n de plata) en Calingasta. Chila (oro) y Salado (plata) en Iglesia. Guachi (oro) y de Gualil\u00e1n (oro) en J\u00e1chal o Marayes (plata y oro) en Valle F\u00e9rtil. La producci\u00f3n minera de San Juan en 1864 seg\u00fan las estad\u00edsticas de le \u00e9poca fue de 5.250 ps. bols de oro en pasta y 97.812 ps. de plata en barra y mineral.<\/p>\n<p><img loading=\"lazy\" decoding=\"async\" class=\"alignnone wp-image-28212 size-full\" src=\"https:\/\/vocesparalelas.com.ar\/sitio\/wp-content\/uploads\/2020\/05\/MINERIA-04.jpg\" alt=\"\" width=\"800\" height=\"450\" srcset=\"https:\/\/vocesparalelas.com.ar\/sitio\/wp-content\/uploads\/2020\/05\/MINERIA-04.jpg 800w, https:\/\/vocesparalelas.com.ar\/sitio\/wp-content\/uploads\/2020\/05\/MINERIA-04-300x169.jpg 300w, https:\/\/vocesparalelas.com.ar\/sitio\/wp-content\/uploads\/2020\/05\/MINERIA-04-768x432.jpg 768w\" sizes=\"auto, (max-width: 800px) 100vw, 800px\" \/><\/p>\n<p>&nbsp;<\/p>\n","protected":false},"excerpt":{"rendered":"<p>Domingo Faustino Sarmiento asumi\u00f3 la Gobernaci\u00f3n de San Juan en enero de 1862 con un objetivo claro, el futuro de<\/p>\n","protected":false},"author":3,"featured_media":28209,"comment_status":"closed","ping_status":"closed","sticky":false,"template":"","format":"standard","meta":{"_acf_changed":false,"_seopress_robots_primary_cat":"","_seopress_titles_title":"","_seopress_titles_desc":"","_seopress_robots_index":"","colormag_page_container_layout":"default_layout","colormag_page_sidebar_layout":"default_layout","footnotes":""},"categories":[10],"tags":[],"class_list":["post-28211","post","type-post","status-publish","format-standard","has-post-thumbnail","hentry","category-opiniones"],"acf":[],"_links":{"self":[{"href":"https:\/\/vocesparalelas.com.ar\/sitio\/wp-json\/wp\/v2\/posts\/28211","targetHints":{"allow":["GET"]}}],"collection":[{"href":"https:\/\/vocesparalelas.com.ar\/sitio\/wp-json\/wp\/v2\/posts"}],"about":[{"href":"https:\/\/vocesparalelas.com.ar\/sitio\/wp-json\/wp\/v2\/types\/post"}],"author":[{"embeddable":true,"href":"https:\/\/vocesparalelas.com.ar\/sitio\/wp-json\/wp\/v2\/users\/3"}],"replies":[{"embeddable":true,"href":"https:\/\/vocesparalelas.com.ar\/sitio\/wp-json\/wp\/v2\/comments?post=28211"}],"version-history":[{"count":1,"href":"https:\/\/vocesparalelas.com.ar\/sitio\/wp-json\/wp\/v2\/posts\/28211\/revisions"}],"predecessor-version":[{"id":28214,"href":"https:\/\/vocesparalelas.com.ar\/sitio\/wp-json\/wp\/v2\/posts\/28211\/revisions\/28214"}],"wp:featuredmedia":[{"embeddable":true,"href":"https:\/\/vocesparalelas.com.ar\/sitio\/wp-json\/wp\/v2\/media\/28209"}],"wp:attachment":[{"href":"https:\/\/vocesparalelas.com.ar\/sitio\/wp-json\/wp\/v2\/media?parent=28211"}],"wp:term":[{"taxonomy":"category","embeddable":true,"href":"https:\/\/vocesparalelas.com.ar\/sitio\/wp-json\/wp\/v2\/categories?post=28211"},{"taxonomy":"post_tag","embeddable":true,"href":"https:\/\/vocesparalelas.com.ar\/sitio\/wp-json\/wp\/v2\/tags?post=28211"}],"curies":[{"name":"wp","href":"https:\/\/api.w.org\/{rel}","templated":true}]}}