{"id":28207,"date":"2020-05-07T21:01:34","date_gmt":"2020-05-08T00:01:34","guid":{"rendered":"http:\/\/vocesparalelas.com.ar\/sitio\/?p=28207"},"modified":"2020-05-07T21:01:34","modified_gmt":"2020-05-08T00:01:34","slug":"domingo-faustino-sarmiento-fue-una-figura-clave-en-el-desarrollo-minero-de-san-juan","status":"publish","type":"post","link":"https:\/\/vocesparalelas.com.ar\/sitio\/domingo-faustino-sarmiento-fue-una-figura-clave-en-el-desarrollo-minero-de-san-juan\/","title":{"rendered":"Domingo Faustino Sarmiento fue una figura clave en el desarrollo minero de San Juan"},"content":{"rendered":"<p>En la jornada del 7 de Mayo, en el D\u00eda nacional de la Miner\u00eda, el gobernador de San Juan, Dr. Sergio U\u00f1ac; particip\u00f3 del acto en la Casa Natal de Domingo Faustino Sarmiento acompa\u00f1ado por el Ministro de Miner\u00eda, Ing. Carlos Astudillo y el intendente de la Municipalidad de la Capital, Dr. Emilio Baistrocchi.<\/p>\n<p>Es importante recordar que, el 7 de mayo se celebra en la Rep\u00fablica Argentina el D\u00eda Nacional de la Miner\u00eda. El motivo es que, en esta fecha, la Asamblea General Constituyente del a\u00f1o 1813 sancion\u00f3 una Ley de Fomento Minero, con el objeto de desarrollar explotaciones de recursos naturales tales como minerales, agua, petr\u00f3leo y carb\u00f3n.<\/p>\n<p>Luego de la puesta de ofrendas florales frente al busto de Domingo Faustino Sarmiento, el Ministro de Miner\u00eda del Gobierno de San Juan, Ing. Carlos Astudillo , resalt\u00f3 que \u00abla labor de la industria minera en tiempos de pandemia es un sector pujante, un sector importante en San Juan. Un sector que ha acompa\u00f1ado a bajar esta curva de la pandemia y lo comenzamos a realizar dos meses atr\u00e1s cuando bajamos 8000 trabajadores de la cordillera en perfecto orden. Despu\u00e9s volvieron a sus respectivos trabajos bajo los protocolos para el COVID-19, donde cada uno empez\u00f3 a resguardar su salud, la de su familia y la de la comunidad as\u00ed como tambi\u00e9n su trabajo y potenciar el mismo\u201d.<\/p>\n<p>Cabe destacar la presencia en el acto conmemorativo del secretario T\u00e9cnico, Ricardo Quiroga; el secretario de Gesti\u00f3n Ambiental y Control Minero, Marcelo L\u00e9pez; el director de Fiscalizaci\u00f3n de Ingresos, Juan Manuel Pintos; el jefe de Asesores letrados, Fernando Aciar; el presidente de la C\u00e1mara Minera, Mario Hern\u00e1ndez; el presidente de la Uni\u00f3n Industrial, Hugo Goransky; el presidente de IPEEM, Eduardo Machuca; el secretario General de ASIJEMIN, Marcelo Mena; y el representante de Caleras San Juan, Ra\u00fal Cabanay.<\/p>\n<p>La conmemoraci\u00f3n se realiz\u00f3 en la Casa Natal de Domingo Faustino Sarmiento porque el pr\u00f3cer fue una figura clave en el desarrollo minero local. Durante su mandato como gobernador de la provincia de San Juan, Sarmiento sent\u00f3 las bases para el fomento y correcto desarrollo de la miner\u00eda. El pr\u00f3cer sanjuanino entendi\u00f3 desde un primer momento el potencial minero con el que cuenta el territorio provincial y una de las primeras medidas que tom\u00f3 fue la de regularizar la labor que realizaban las empresas.<\/p>\n<p><img loading=\"lazy\" decoding=\"async\" class=\"alignnone wp-image-28209 size-full\" src=\"https:\/\/vocesparalelas.com.ar\/sitio\/wp-content\/uploads\/2020\/05\/MINERIA-02.jpg\" alt=\"\" width=\"800\" height=\"589\" srcset=\"https:\/\/vocesparalelas.com.ar\/sitio\/wp-content\/uploads\/2020\/05\/MINERIA-02.jpg 800w, https:\/\/vocesparalelas.com.ar\/sitio\/wp-content\/uploads\/2020\/05\/MINERIA-02-300x221.jpg 300w, https:\/\/vocesparalelas.com.ar\/sitio\/wp-content\/uploads\/2020\/05\/MINERIA-02-768x565.jpg 768w\" sizes=\"auto, (max-width: 800px) 100vw, 800px\" \/><\/p>\n","protected":false},"excerpt":{"rendered":"<p>En la jornada del 7 de Mayo, en el D\u00eda nacional de la Miner\u00eda, el gobernador de San Juan, Dr.<\/p>\n","protected":false},"author":3,"featured_media":28208,"comment_status":"closed","ping_status":"closed","sticky":false,"template":"","format":"standard","meta":{"_acf_changed":false,"_seopress_robots_primary_cat":"","_seopress_titles_title":"","_seopress_titles_desc":"","_seopress_robots_index":"","colormag_page_container_layout":"default_layout","colormag_page_sidebar_layout":"default_layout","footnotes":""},"categories":[1],"tags":[],"class_list":["post-28207","post","type-post","status-publish","format-standard","has-post-thumbnail","hentry","category-destacadas"],"acf":[],"_links":{"self":[{"href":"https:\/\/vocesparalelas.com.ar\/sitio\/wp-json\/wp\/v2\/posts\/28207","targetHints":{"allow":["GET"]}}],"collection":[{"href":"https:\/\/vocesparalelas.com.ar\/sitio\/wp-json\/wp\/v2\/posts"}],"about":[{"href":"https:\/\/vocesparalelas.com.ar\/sitio\/wp-json\/wp\/v2\/types\/post"}],"author":[{"embeddable":true,"href":"https:\/\/vocesparalelas.com.ar\/sitio\/wp-json\/wp\/v2\/users\/3"}],"replies":[{"embeddable":true,"href":"https:\/\/vocesparalelas.com.ar\/sitio\/wp-json\/wp\/v2\/comments?post=28207"}],"version-history":[{"count":1,"href":"https:\/\/vocesparalelas.com.ar\/sitio\/wp-json\/wp\/v2\/posts\/28207\/revisions"}],"predecessor-version":[{"id":28210,"href":"https:\/\/vocesparalelas.com.ar\/sitio\/wp-json\/wp\/v2\/posts\/28207\/revisions\/28210"}],"wp:featuredmedia":[{"embeddable":true,"href":"https:\/\/vocesparalelas.com.ar\/sitio\/wp-json\/wp\/v2\/media\/28208"}],"wp:attachment":[{"href":"https:\/\/vocesparalelas.com.ar\/sitio\/wp-json\/wp\/v2\/media?parent=28207"}],"wp:term":[{"taxonomy":"category","embeddable":true,"href":"https:\/\/vocesparalelas.com.ar\/sitio\/wp-json\/wp\/v2\/categories?post=28207"},{"taxonomy":"post_tag","embeddable":true,"href":"https:\/\/vocesparalelas.com.ar\/sitio\/wp-json\/wp\/v2\/tags?post=28207"}],"curies":[{"name":"wp","href":"https:\/\/api.w.org\/{rel}","templated":true}]}}