{"id":28205,"date":"2020-05-07T20:35:40","date_gmt":"2020-05-07T23:35:40","guid":{"rendered":"http:\/\/vocesparalelas.com.ar\/sitio\/?p=28205"},"modified":"2020-05-07T21:53:51","modified_gmt":"2020-05-08T00:53:51","slug":"inscripcion-para-los-talleres-2020","status":"publish","type":"post","link":"https:\/\/vocesparalelas.com.ar\/sitio\/inscripcion-para-los-talleres-2020\/","title":{"rendered":"Inscripci\u00f3n para los Talleres 2020"},"content":{"rendered":"<p>El Museo Provincial de Bellas Artes Franklin Rawson informa que desde las 20 horas del 8 de Mayo est\u00e1 disponible en su sitio web la inscripci\u00f3n para los\u00a0talleres que este a\u00f1o ofrece a la comunidad. La modalidad es virtual, sin costo y con cupos limitados.<\/p>\n<p>Atendiendo al contexto de aislamiento preventivo y obligatorio, el museo present\u00f3 durante el mes de abril un adelanto de propuestas educativas, a trav\u00e9s de videos instructivos y material gr\u00e1fico, a las que los usuarios interesados pudieron acceder por medio de las redes sociales. En esta oportunidad, la instituci\u00f3n lanza su oferta completa de talleres con docentes en l\u00ednea.<\/p>\n<p>Las propuestas que ofrece el Franklin Rawson son variadas y apuntan a satisfacer diferentes gustos y franjas etarias. Quienes deseen participar pueden inscribirse<\/p>\n<p><a href=\"https:\/\/www.museofranklinrawson.org\/\">https:\/\/www.museofranklinrawson.org\/<\/a><\/p>\n<p><strong><span style=\"color: #ff00ff;\">Talleres 2020<\/span><\/strong><\/p>\n<ul>\n<li>Pintura + Impresi\u00f3n (de 7 a 10 a\u00f1os)<\/li>\n<li>Tejiendo historias &#8211; Taller textil (de 7 a 10 a\u00f1os)<\/li>\n<li>Creaci\u00f3n de universos fant\u00e1sticos y mundos de ficci\u00f3n &#8211; Ilustraci\u00f3n (de 13 a 18 a\u00f1os)<\/li>\n<li>Taller de Producci\u00f3n Audiovisual (de 13 a 18 a\u00f1os)<\/li>\n<li>Historia del Arte Aplicada (j\u00f3venes y adultos)<\/li>\n<li>Dibujo y Pintura- Taller de arte (j\u00f3venes y adultos)<\/li>\n<li>Libro de Artista: Colecciones (adultos)<\/li>\n<\/ul>\n<p><img loading=\"lazy\" decoding=\"async\" class=\"alignnone wp-image-22173 size-large\" src=\"https:\/\/vocesparalelas.com.ar\/sitio\/wp-content\/uploads\/2019\/07\/museo-fr-800x531.jpg\" alt=\"\" width=\"800\" height=\"531\" srcset=\"https:\/\/vocesparalelas.com.ar\/sitio\/wp-content\/uploads\/2019\/07\/museo-fr-800x531.jpg 800w, https:\/\/vocesparalelas.com.ar\/sitio\/wp-content\/uploads\/2019\/07\/museo-fr-300x199.jpg 300w, https:\/\/vocesparalelas.com.ar\/sitio\/wp-content\/uploads\/2019\/07\/museo-fr-768x510.jpg 768w, https:\/\/vocesparalelas.com.ar\/sitio\/wp-content\/uploads\/2019\/07\/museo-fr.jpg 1000w\" sizes=\"auto, (max-width: 800px) 100vw, 800px\" \/><\/p>\n","protected":false},"excerpt":{"rendered":"<p>El Museo Provincial de Bellas Artes Franklin Rawson informa que desde las 20 horas del 8 de Mayo est\u00e1 disponible<\/p>\n","protected":false},"author":3,"featured_media":27716,"comment_status":"closed","ping_status":"closed","sticky":false,"template":"","format":"standard","meta":{"_acf_changed":false,"_seopress_robots_primary_cat":"","_seopress_titles_title":"","_seopress_titles_desc":"","_seopress_robots_index":"","colormag_page_container_layout":"default_layout","colormag_page_sidebar_layout":"default_layout","footnotes":""},"categories":[9],"tags":[],"class_list":["post-28205","post","type-post","status-publish","format-standard","has-post-thumbnail","hentry","category-cursos"],"acf":[],"_links":{"self":[{"href":"https:\/\/vocesparalelas.com.ar\/sitio\/wp-json\/wp\/v2\/posts\/28205","targetHints":{"allow":["GET"]}}],"collection":[{"href":"https:\/\/vocesparalelas.com.ar\/sitio\/wp-json\/wp\/v2\/posts"}],"about":[{"href":"https:\/\/vocesparalelas.com.ar\/sitio\/wp-json\/wp\/v2\/types\/post"}],"author":[{"embeddable":true,"href":"https:\/\/vocesparalelas.com.ar\/sitio\/wp-json\/wp\/v2\/users\/3"}],"replies":[{"embeddable":true,"href":"https:\/\/vocesparalelas.com.ar\/sitio\/wp-json\/wp\/v2\/comments?post=28205"}],"version-history":[{"count":1,"href":"https:\/\/vocesparalelas.com.ar\/sitio\/wp-json\/wp\/v2\/posts\/28205\/revisions"}],"predecessor-version":[{"id":28206,"href":"https:\/\/vocesparalelas.com.ar\/sitio\/wp-json\/wp\/v2\/posts\/28205\/revisions\/28206"}],"wp:featuredmedia":[{"embeddable":true,"href":"https:\/\/vocesparalelas.com.ar\/sitio\/wp-json\/wp\/v2\/media\/27716"}],"wp:attachment":[{"href":"https:\/\/vocesparalelas.com.ar\/sitio\/wp-json\/wp\/v2\/media?parent=28205"}],"wp:term":[{"taxonomy":"category","embeddable":true,"href":"https:\/\/vocesparalelas.com.ar\/sitio\/wp-json\/wp\/v2\/categories?post=28205"},{"taxonomy":"post_tag","embeddable":true,"href":"https:\/\/vocesparalelas.com.ar\/sitio\/wp-json\/wp\/v2\/tags?post=28205"}],"curies":[{"name":"wp","href":"https:\/\/api.w.org\/{rel}","templated":true}]}}