{"id":27990,"date":"2020-04-28T21:33:43","date_gmt":"2020-04-29T00:33:43","guid":{"rendered":"http:\/\/vocesparalelas.com.ar\/sitio\/?p=27990"},"modified":"2020-04-28T21:33:43","modified_gmt":"2020-04-29T00:33:43","slug":"definieron-la-logistica-y-operatividad-de-los-corredores-viales-sanitarios-seguros","status":"publish","type":"post","link":"https:\/\/vocesparalelas.com.ar\/sitio\/definieron-la-logistica-y-operatividad-de-los-corredores-viales-sanitarios-seguros\/","title":{"rendered":"Definieron la log\u00edstica y operatividad de los corredores viales sanitarios seguros"},"content":{"rendered":"<p>La ministro de Gobierno de San Juan, Dra. Fabiola Aubone, encabez\u00f3 una reuni\u00f3n interministerial para definir c\u00f3mo se desarrollar\u00e1 la log\u00edstica y operatividad de los corredores viales sanitarios seguros.<\/p>\n<p>Estuvieron presentes representantes de MinGob, Salud, Hacienda y Finanzas y Secretar\u00eda de Seguridad y Secretar\u00eda de Ambiente.<\/p>\n<p>Los tres corredores viales sanitarios seguros, con conexi\u00f3n con provincias lim\u00edtrofes son:<\/p>\n<ul>\n<li>Con la Provincia de Mendoza: ruta provincial N\u00b0 40 con controles en San Carlos<\/li>\n<li>Con la Provincia de San Luis: ruta nacional N\u00b0 20 con controles en El Enc\u00f3n<\/li>\n<li>Con la Provincia de La Rioja: en la intersecci\u00f3n de la ruta provincial N\u00b0 151 y ruta nacional N\u00b0 141, con control en Marayes.<\/li>\n<\/ul>\n<p>Todas las personas que ingresen a la provincia ser\u00e1n trasladadas a hoteles para cumplir con la cuarentena obligatoria durante 14 d\u00edas.<\/p>\n<ul>\n<li>Modalidad de Ingreso<\/li>\n<li>Horario de ingreso: 08:00, 15:00 y 23:00 horas.<\/li>\n<li>En el horario previsto la columna de veh\u00edculos partir\u00e1 escoltada por personal de la fuerza policial hasta la Terminal. All\u00ed, se realizar\u00e1 el procedimiento sanitario de rigor. Realizado el arribo, las personas ser\u00e1n sometidas al control m\u00e9dico correspondiente.<\/li>\n<li>Los particulares que lleguen a cada control deber\u00e1n aguardar a los horarios citados.<\/li>\n<\/ul>\n<p><img loading=\"lazy\" decoding=\"async\" class=\"alignnone wp-image-27991 size-full\" src=\"https:\/\/vocesparalelas.com.ar\/sitio\/wp-content\/uploads\/2020\/04\/PASO-01.jpg\" alt=\"\" width=\"800\" height=\"534\" srcset=\"https:\/\/vocesparalelas.com.ar\/sitio\/wp-content\/uploads\/2020\/04\/PASO-01.jpg 800w, https:\/\/vocesparalelas.com.ar\/sitio\/wp-content\/uploads\/2020\/04\/PASO-01-300x200.jpg 300w, https:\/\/vocesparalelas.com.ar\/sitio\/wp-content\/uploads\/2020\/04\/PASO-01-768x513.jpg 768w\" sizes=\"auto, (max-width: 800px) 100vw, 800px\" \/><\/p>\n<p>En representaci\u00f3n del Ministerio de Gobierno, encabez\u00f3 el encuentro Fabiola Aubone, ministra de Gobierno; Nerina Eusebi, secretaria de Gobierno, Justicia y DDHH y Daniel Mallea, asesor de la repartici\u00f3n. Por el Ministerio de Salud particip\u00f3 el secretario administrativo, Guillermo Benelbaz y el director representante con los Hospitales, Mauricio Gallardo; por el Ministerio de Hacienda y Finanzas, el secretario de Hacienda, Guillermo Torrent; por la Secretar\u00eda de Estado de Seguridad particip\u00f3 el asesor Juan Pablo Ares; por la Secretar\u00eda de Estado de Ambiente estuvieron presentes Sergio Espinoza, subsecretario de Residuos S\u00f3lidos Urbanos, y Dardo Recabarren, director de Conservaci\u00f3n y \u00c1reas Protegidas. Tambi\u00e9n formaron parte de la mesa autoridades de Asesor\u00eda Letrada de Gobierno.<\/p>\n<p>&nbsp;<\/p>\n<p>&nbsp;<\/p>\n","protected":false},"excerpt":{"rendered":"<p>La ministro de Gobierno de San Juan, Dra. Fabiola Aubone, encabez\u00f3 una reuni\u00f3n interministerial para definir c\u00f3mo se desarrollar\u00e1 la<\/p>\n","protected":false},"author":3,"featured_media":27992,"comment_status":"closed","ping_status":"closed","sticky":false,"template":"","format":"standard","meta":{"_acf_changed":false,"_seopress_robots_primary_cat":"","_seopress_titles_title":"","_seopress_titles_desc":"","_seopress_robots_index":"","colormag_page_container_layout":"default_layout","colormag_page_sidebar_layout":"default_layout","footnotes":""},"categories":[1],"tags":[],"class_list":["post-27990","post","type-post","status-publish","format-standard","has-post-thumbnail","hentry","category-destacadas"],"acf":[],"_links":{"self":[{"href":"https:\/\/vocesparalelas.com.ar\/sitio\/wp-json\/wp\/v2\/posts\/27990","targetHints":{"allow":["GET"]}}],"collection":[{"href":"https:\/\/vocesparalelas.com.ar\/sitio\/wp-json\/wp\/v2\/posts"}],"about":[{"href":"https:\/\/vocesparalelas.com.ar\/sitio\/wp-json\/wp\/v2\/types\/post"}],"author":[{"embeddable":true,"href":"https:\/\/vocesparalelas.com.ar\/sitio\/wp-json\/wp\/v2\/users\/3"}],"replies":[{"embeddable":true,"href":"https:\/\/vocesparalelas.com.ar\/sitio\/wp-json\/wp\/v2\/comments?post=27990"}],"version-history":[{"count":1,"href":"https:\/\/vocesparalelas.com.ar\/sitio\/wp-json\/wp\/v2\/posts\/27990\/revisions"}],"predecessor-version":[{"id":27993,"href":"https:\/\/vocesparalelas.com.ar\/sitio\/wp-json\/wp\/v2\/posts\/27990\/revisions\/27993"}],"wp:featuredmedia":[{"embeddable":true,"href":"https:\/\/vocesparalelas.com.ar\/sitio\/wp-json\/wp\/v2\/media\/27992"}],"wp:attachment":[{"href":"https:\/\/vocesparalelas.com.ar\/sitio\/wp-json\/wp\/v2\/media?parent=27990"}],"wp:term":[{"taxonomy":"category","embeddable":true,"href":"https:\/\/vocesparalelas.com.ar\/sitio\/wp-json\/wp\/v2\/categories?post=27990"},{"taxonomy":"post_tag","embeddable":true,"href":"https:\/\/vocesparalelas.com.ar\/sitio\/wp-json\/wp\/v2\/tags?post=27990"}],"curies":[{"name":"wp","href":"https:\/\/api.w.org\/{rel}","templated":true}]}}