{"id":27211,"date":"2020-03-24T01:26:35","date_gmt":"2020-03-24T04:26:35","guid":{"rendered":"http:\/\/vocesparalelas.com.ar\/sitio\/?p=27211"},"modified":"2020-03-25T02:06:53","modified_gmt":"2020-03-25T05:06:53","slug":"modalidad-del-pago-a-contratados-de-educacion-y-docentes","status":"publish","type":"post","link":"https:\/\/vocesparalelas.com.ar\/sitio\/modalidad-del-pago-a-contratados-de-educacion-y-docentes\/","title":{"rendered":"Modalidad del pago a contratados de Educaci\u00f3n y docentes"},"content":{"rendered":"<p>La Secretar\u00eda de Coordinaci\u00f3n Administrativa Financiera del Ministerio de Educaci\u00f3n del Gobierno de San Juan comunica que en virtud del aislamiento \u201csocial, preventivo y obligatorio\u201d y la prohibici\u00f3n de circular establecidos en el DNU N\u00b0 297\/2020, del Poder Ejecutivo Nacional.<\/p>\n<p>Las personas contratadas bajo el r\u00e9gimen de contratos administrativos de servicios de colaboraci\u00f3n (porteros y administrativos), no est\u00e1n obligados a realizar la presentaci\u00f3n previa de la factura para el cobro de los honorarios correspondientes al mes de marzo de 2020.<\/p>\n<p>Esta debe ser presentada en las Oficinas del Departamento de Log\u00edstica en la fecha que le sea requerida.<\/p>\n<p>Por las mismas circunstancias, las novedades de sueldos del mes de abril de 2020, de docentes de gesti\u00f3n p\u00fablica, deber\u00e1n ser enviadas a la siguiente direcci\u00f3n de correo electr\u00f3nico:<\/p>\n<p><a href=\"mailto:novedadsueldos@sanjuan.edu.ar\">novedadsueldos@sanjuan.edu.ar<\/a><\/p>\n<p>Las novedades de docentes de gesti\u00f3n privada a la direcci\u00f3n de correo electr\u00f3nico:<\/p>\n<p><a href=\"mailto:lroman@sanjuan.edu.ar\">lroman@sanjuan.edu.ar<\/a><\/p>\n<p>&nbsp;<\/p>\n<p><img loading=\"lazy\" decoding=\"async\" class=\"alignnone wp-image-25616 size-large\" src=\"https:\/\/vocesparalelas.com.ar\/sitio\/wp-content\/uploads\/2019\/12\/GOBIERNO-BANDERA-01-800x533.jpg\" alt=\"\" width=\"800\" height=\"533\" srcset=\"https:\/\/vocesparalelas.com.ar\/sitio\/wp-content\/uploads\/2019\/12\/GOBIERNO-BANDERA-01.jpg 800w, https:\/\/vocesparalelas.com.ar\/sitio\/wp-content\/uploads\/2019\/12\/GOBIERNO-BANDERA-01-300x200.jpg 300w, https:\/\/vocesparalelas.com.ar\/sitio\/wp-content\/uploads\/2019\/12\/GOBIERNO-BANDERA-01-768x512.jpg 768w\" sizes=\"auto, (max-width: 800px) 100vw, 800px\" \/><\/p>\n<p>&nbsp;<\/p>\n<p>&nbsp;<\/p>\n","protected":false},"excerpt":{"rendered":"<p>La Secretar\u00eda de Coordinaci\u00f3n Administrativa Financiera del Ministerio de Educaci\u00f3n del Gobierno de San Juan comunica que en virtud del<\/p>\n","protected":false},"author":3,"featured_media":27212,"comment_status":"closed","ping_status":"closed","sticky":false,"template":"","format":"standard","meta":{"_acf_changed":false,"_seopress_robots_primary_cat":"","_seopress_titles_title":"","_seopress_titles_desc":"","_seopress_robots_index":"","colormag_page_container_layout":"default_layout","colormag_page_sidebar_layout":"default_layout","footnotes":""},"categories":[5],"tags":[],"class_list":["post-27211","post","type-post","status-publish","format-standard","has-post-thumbnail","hentry","category-ofrecimientos"],"acf":[],"_links":{"self":[{"href":"https:\/\/vocesparalelas.com.ar\/sitio\/wp-json\/wp\/v2\/posts\/27211","targetHints":{"allow":["GET"]}}],"collection":[{"href":"https:\/\/vocesparalelas.com.ar\/sitio\/wp-json\/wp\/v2\/posts"}],"about":[{"href":"https:\/\/vocesparalelas.com.ar\/sitio\/wp-json\/wp\/v2\/types\/post"}],"author":[{"embeddable":true,"href":"https:\/\/vocesparalelas.com.ar\/sitio\/wp-json\/wp\/v2\/users\/3"}],"replies":[{"embeddable":true,"href":"https:\/\/vocesparalelas.com.ar\/sitio\/wp-json\/wp\/v2\/comments?post=27211"}],"version-history":[{"count":1,"href":"https:\/\/vocesparalelas.com.ar\/sitio\/wp-json\/wp\/v2\/posts\/27211\/revisions"}],"predecessor-version":[{"id":27213,"href":"https:\/\/vocesparalelas.com.ar\/sitio\/wp-json\/wp\/v2\/posts\/27211\/revisions\/27213"}],"wp:featuredmedia":[{"embeddable":true,"href":"https:\/\/vocesparalelas.com.ar\/sitio\/wp-json\/wp\/v2\/media\/27212"}],"wp:attachment":[{"href":"https:\/\/vocesparalelas.com.ar\/sitio\/wp-json\/wp\/v2\/media?parent=27211"}],"wp:term":[{"taxonomy":"category","embeddable":true,"href":"https:\/\/vocesparalelas.com.ar\/sitio\/wp-json\/wp\/v2\/categories?post=27211"},{"taxonomy":"post_tag","embeddable":true,"href":"https:\/\/vocesparalelas.com.ar\/sitio\/wp-json\/wp\/v2\/tags?post=27211"}],"curies":[{"name":"wp","href":"https:\/\/api.w.org\/{rel}","templated":true}]}}