{"id":27208,"date":"2020-03-24T00:45:25","date_gmt":"2020-03-24T03:45:25","guid":{"rendered":"http:\/\/vocesparalelas.com.ar\/sitio\/?p=27208"},"modified":"2020-03-24T00:45:25","modified_gmt":"2020-03-24T03:45:25","slug":"mas-se-fortalece-el-trabajo-del-gobierno-de-san-juan-para-la-prevencion-del-coronavirus","status":"publish","type":"post","link":"https:\/\/vocesparalelas.com.ar\/sitio\/mas-se-fortalece-el-trabajo-del-gobierno-de-san-juan-para-la-prevencion-del-coronavirus\/","title":{"rendered":"M\u00e1s se fortalece el trabajo del Gobierno de San Juan para la prevenci\u00f3n del coronavirus"},"content":{"rendered":"<p>Con el objetivo de interiorizarse de las tareas que se est\u00e1n realizando para acondicionar distintos sitios para ser utilizados ante una posible fase de mitigaci\u00f3n del coronavirus, el gobernador de San Juan, Dr. Sergio U\u00f1ac recorri\u00f3 el Circuito Villicum, el Parque Industrial de Albard\u00f3n y el Hospital Rawson.<\/p>\n<p><iframe loading=\"lazy\" title=\"SAN JUAN ESPACIOS\" width=\"800\" height=\"450\" src=\"https:\/\/www.youtube.com\/embed\/xDU6sqxQcjI?feature=oembed\" frameborder=\"0\" allow=\"accelerometer; autoplay; encrypted-media; gyroscope; picture-in-picture\" allowfullscreen><\/iframe><\/p>\n<p>De esta recorrida tambi\u00e9n participaron el ministro de Obras y Servicios P\u00fablicos de San Juan, Ing. Julio Ortiz Andino, la ministro de Salud P\u00fablica, Dra. Alejandra Venerando, la secretaria de Planificaci\u00f3n, Dra. Alina Almaz\u00e1n y el Subsecretario de Medicina Preventiva, Dr. Mat\u00edas Espejo.<\/p>\n<p>Esto se llev\u00f3 en el marco de la tarea que realizan las autoridades de Salud, trabajando de manera planificada y anticip\u00e1ndose a una posible fase de mitigaci\u00f3n, organizando diferentes lugares donde se pueda concentrar la labor de los equipos y recibir los pacientes que puedan requerir internaci\u00f3n.<\/p>\n<p>En este contexto, el gobernador U\u00f1ac se\u00f1al\u00f3 que \u201cvisitamos distintos centros donde podr\u00e1n ser atendidos quienes posiblemente tengan coronavirus en San Juan. Hemos dispuesto todos los sitios necesarios para contener esta pandemia, por eso visit\u00e9 sectores p\u00fablicos y privados que pusieron a disposici\u00f3n sus espacios\u201d.<\/p>\n<p>Por su lado, la ministra Alejandra Venerando brind\u00f3 detalles sobre los lugares que se est\u00e1n acondicionando. \u201cVisitamos tres sitios preparados para la fase de mitigaci\u00f3n. Son tres instalaciones que requerir\u00e1 la provincia para la contenci\u00f3n de pacientes. El Circuito Villicum, las instalaciones que ofrece una empresa minera y el Hospital Rawson para recibir a pacientes que requieran m\u00e1s especializaci\u00f3n. Es decir que los posibles casos graves se atender\u00e1n en este hospital\u00bb.<\/p>\n<p>\u00abCreo que es importante que la poblaci\u00f3n sepa el esfuerzo que est\u00e1 realizando el Gobierno para darles la mejor calidad de atenci\u00f3n de todos los sanjuaninos\u201d, opin\u00f3 la ministra.<\/p>\n<p>Jorge Gir\u00f3n, director Ejecutivo del Hospital Rawson, di\u00f3 detalles sobre el programa con el que cuenta el hospital con respecto a COVID-19: \u201cTenemos un \u00e1rea de contenci\u00f3n, ah\u00ed se decide el curso del paciente, es decir, si es enviado a otro lugar o a una cuarentena. El paciente que quedar\u00e1 internado ser\u00e1 el moderado y severo. Y para eso estar\u00e1 destinada otra ala. Esto nos permitir\u00e1 tener un m\u00e1ximo importante de unidades para asistir a los pacientes. Se destaca que todo material descartable ya est\u00e1 pedido, se usa racionalmente y seg\u00fan el protocolo. Otro dato es que el personal destinado a esta atenci\u00f3n de pacientes, es diferenciado y no tendr\u00e1 contacto con otras \u00e1reas\u201d, dijo Gir\u00f3n.<\/p>\n<p><iframe loading=\"lazy\" title=\"SAN JUAN ESPACIOS\" width=\"800\" height=\"450\" src=\"https:\/\/www.youtube.com\/embed\/5bMDF1EbIhY?feature=oembed\" frameborder=\"0\" allow=\"accelerometer; autoplay; encrypted-media; gyroscope; picture-in-picture\" allowfullscreen><\/iframe><\/p>\n<p>&nbsp;<\/p>\n<p>En lo particular, el Circuito Villicum cuenta con 35 boxes de los cuales 30 est\u00e1n listos para asistir a los posibles casos.<\/p>\n<p><iframe loading=\"lazy\" title=\"SAN JUAN ESPACIOS\" width=\"800\" height=\"450\" src=\"https:\/\/www.youtube.com\/embed\/c3h12egTzJg?feature=oembed\" frameborder=\"0\" allow=\"accelerometer; autoplay; encrypted-media; gyroscope; picture-in-picture\" allowfullscreen><\/iframe><\/p>\n<p>&nbsp;<\/p>\n<p>Tambi\u00e9n se est\u00e1 acondicionando el antiguo Hospital de Ni\u00f1os Juan Carlos Navarro, para situaciones preventivas.<\/p>\n<p><iframe loading=\"lazy\" title=\"SAN JUAN ESPACIOS\" width=\"800\" height=\"450\" src=\"https:\/\/www.youtube.com\/embed\/R1JFfDQHtcQ?feature=oembed\" frameborder=\"0\" allow=\"accelerometer; autoplay; encrypted-media; gyroscope; picture-in-picture\" allowfullscreen><\/iframe><\/p>\n<p>Mientras que el tercer piso del Hospital Rawson concentrar\u00e1 los casos m\u00e1s complejos.<\/p>\n<p>Otro de los puntos en los que se est\u00e1 trabajando es en el antiguo centro operativo de la minera Andina del Sol, ubicado en el Parque Industrial de Albard\u00f3n.<\/p>\n<p><iframe loading=\"lazy\" title=\"SAN JUAN ESPACIOS\" width=\"800\" height=\"450\" src=\"https:\/\/www.youtube.com\/embed\/aR3yESteDiQ?feature=oembed\" frameborder=\"0\" allow=\"accelerometer; autoplay; encrypted-media; gyroscope; picture-in-picture\" allowfullscreen><\/iframe><\/p>\n<p>Personal de los ministerios de Salud y Obras P\u00fablicas trabajan en reaccionar los 6 espacios, destinados a la atenci\u00f3n de las formas cl\u00ednicas moderadas a leves, con una capacidad de 150 camas aproximadamente que se distribuir\u00e1n siguiendo las normas de bioseguridad vigentes, adem\u00e1s de instalaciones para \u00e1reas de soporte como enfermer\u00eda, dep\u00f3sito de medicamentos descartables, \u00e1rea de estad\u00edsticas, y otras \u00e1reas.<\/p>\n<p><iframe loading=\"lazy\" title=\"SAN JUAN ESPACIOS\" width=\"800\" height=\"450\" src=\"https:\/\/www.youtube.com\/embed\/NyeqTfJFolQ?feature=oembed\" frameborder=\"0\" allow=\"accelerometer; autoplay; encrypted-media; gyroscope; picture-in-picture\" allowfullscreen><\/iframe><\/p>\n<p>&nbsp;<\/p>\n<p>&nbsp;<\/p>\n","protected":false},"excerpt":{"rendered":"<p>Con el objetivo de interiorizarse de las tareas que se est\u00e1n realizando para acondicionar distintos sitios para ser utilizados ante<\/p>\n","protected":false},"author":3,"featured_media":27209,"comment_status":"closed","ping_status":"closed","sticky":false,"template":"","format":"video","meta":{"_acf_changed":false,"_seopress_robots_primary_cat":"","_seopress_titles_title":"","_seopress_titles_desc":"","_seopress_robots_index":"","colormag_page_container_layout":"default_layout","colormag_page_sidebar_layout":"default_layout","footnotes":""},"categories":[1,7],"tags":[],"class_list":["post-27208","post","type-post","status-publish","format-video","has-post-thumbnail","hentry","category-destacadas","category-videos","post_format-post-format-video"],"acf":[],"_links":{"self":[{"href":"https:\/\/vocesparalelas.com.ar\/sitio\/wp-json\/wp\/v2\/posts\/27208","targetHints":{"allow":["GET"]}}],"collection":[{"href":"https:\/\/vocesparalelas.com.ar\/sitio\/wp-json\/wp\/v2\/posts"}],"about":[{"href":"https:\/\/vocesparalelas.com.ar\/sitio\/wp-json\/wp\/v2\/types\/post"}],"author":[{"embeddable":true,"href":"https:\/\/vocesparalelas.com.ar\/sitio\/wp-json\/wp\/v2\/users\/3"}],"replies":[{"embeddable":true,"href":"https:\/\/vocesparalelas.com.ar\/sitio\/wp-json\/wp\/v2\/comments?post=27208"}],"version-history":[{"count":1,"href":"https:\/\/vocesparalelas.com.ar\/sitio\/wp-json\/wp\/v2\/posts\/27208\/revisions"}],"predecessor-version":[{"id":27210,"href":"https:\/\/vocesparalelas.com.ar\/sitio\/wp-json\/wp\/v2\/posts\/27208\/revisions\/27210"}],"wp:featuredmedia":[{"embeddable":true,"href":"https:\/\/vocesparalelas.com.ar\/sitio\/wp-json\/wp\/v2\/media\/27209"}],"wp:attachment":[{"href":"https:\/\/vocesparalelas.com.ar\/sitio\/wp-json\/wp\/v2\/media?parent=27208"}],"wp:term":[{"taxonomy":"category","embeddable":true,"href":"https:\/\/vocesparalelas.com.ar\/sitio\/wp-json\/wp\/v2\/categories?post=27208"},{"taxonomy":"post_tag","embeddable":true,"href":"https:\/\/vocesparalelas.com.ar\/sitio\/wp-json\/wp\/v2\/tags?post=27208"}],"curies":[{"name":"wp","href":"https:\/\/api.w.org\/{rel}","templated":true}]}}