{"id":27206,"date":"2020-03-23T20:15:00","date_gmt":"2020-03-23T23:15:00","guid":{"rendered":"http:\/\/vocesparalelas.com.ar\/sitio\/?p=27206"},"modified":"2020-03-23T20:15:00","modified_gmt":"2020-03-23T23:15:00","slug":"nuestra-aula-en-linea-estan-las-guias-pedagogicas-para-los-alumnos","status":"publish","type":"post","link":"https:\/\/vocesparalelas.com.ar\/sitio\/nuestra-aula-en-linea-estan-las-guias-pedagogicas-para-los-alumnos\/","title":{"rendered":"\u00abNuestra Aula en L\u00ednea\u00bb est\u00e1n las gu\u00edas pedag\u00f3gicas para los alumnos"},"content":{"rendered":"<p>Descargar las gu\u00edas de los niveles Inicial, Primario, Secundario y T\u00e9cnico; as\u00ed como de Educaci\u00f3n Especial, Adultos y Superior.<\/p>\n<p>Desde el Ministerio de Educaci\u00f3n se elaboraron las gu\u00edas pedag\u00f3gicas para los estudiantes de los distintos niveles y modalidades del sistema educativo provincial, mientras perdure la suspensi\u00f3n de las clases hasta el 31 de este mes.<\/p>\n<p><strong><span style=\"color: #ff0000;\">Ingresando al sitio web oficial del Ministerio de Educaci\u00f3n, el la secci\u00f3n \u00abNuestra Aula en L\u00ednea\u00bb est\u00e1n a disposici\u00f3n 3404 gu\u00edas pedag\u00f3gicas distribuidas de la siguiente forma:<\/span><\/strong><\/p>\n<ul>\n<li><span style=\"color: #ff0000;\"><strong>Educaci\u00f3n Inicial:<\/strong><\/span> 235<\/li>\n<li><span style=\"color: #ff0000;\"><strong>Educaci\u00f3n Primaria:<\/strong><\/span> 1743<\/li>\n<li><span style=\"color: #ff0000;\"><strong>Educaci\u00f3n Secundaria<\/strong> <strong>Orientada:<\/strong><\/span> 870<\/li>\n<li><span style=\"color: #ff0000;\"><strong>Educaci\u00f3n T\u00e9cnica:<\/strong> <\/span>326<\/li>\n<li><span style=\"color: #ff0000;\"><strong>Educaci\u00f3n de Adultos:<\/strong> <\/span>135<\/li>\n<li><span style=\"color: #ff0000;\"><strong>Educaci\u00f3n Especial:<\/strong><\/span> 65.<\/li>\n<li><span style=\"color: #ff0000;\"><strong>Educaci\u00f3n Superior:<\/strong> <\/span>ascienden a 30 los cursos introductorios.<\/li>\n<\/ul>\n<p><strong><span style=\"color: #ff0000;\">Modalidad de trabajo en zonas sin conectividad<\/span><\/strong><\/p>\n<p>Cabe advertir que en el caso de los alumnos que <strong>no tengan conectividad,<\/strong> los padres, tutores o los mismos alumnos pueden ponerse en <strong>contacto telef\u00f3nico<\/strong> con directivo o docente, de las instituciones educativas que les indicar\u00e1n la metodolog\u00eda de entrega.<\/p>\n<p><strong><span style=\"color: #ff0000;\">Metodolog\u00eda de trabajo de Educaci\u00f3n Privada<\/span><\/strong><\/p>\n<p>Por su parte, la Direcci\u00f3n de Educaci\u00f3n Privada record\u00f3 a padres y alumnos que contin\u00faa la <strong>modalidad virtual a<\/strong> trav\u00e9s de las Gu\u00edas Pedag\u00f3gicas enviadas por docentes e instituciones, que deben ser completadas hasta 31 de marzo.<\/p>\n<p>La comunicaci\u00f3n entre docentes y padres contin\u00faa a trav\u00e9s de listas de difusi\u00f3n.<\/p>\n<p>Adem\u00e1s los directivos env\u00edan aportes y sugerencias para los alumnos y sus familias sobre c\u00f3mo nos cuidamos y c\u00f3mo organizarse en casa. Estas sugerencias se env\u00edan por los medios virtuales institucionales establecidos por cada instituci\u00f3n educativa.<\/p>\n<p>&nbsp;<\/p>\n<p>&nbsp;<\/p>\n","protected":false},"excerpt":{"rendered":"<p>Descargar las gu\u00edas de los niveles Inicial, Primario, Secundario y T\u00e9cnico; as\u00ed como de Educaci\u00f3n Especial, Adultos y Superior. Desde<\/p>\n","protected":false},"author":3,"featured_media":27175,"comment_status":"closed","ping_status":"closed","sticky":false,"template":"","format":"standard","meta":{"_acf_changed":false,"_seopress_robots_primary_cat":"","_seopress_titles_title":"","_seopress_titles_desc":"","_seopress_robots_index":"","colormag_page_container_layout":"default_layout","colormag_page_sidebar_layout":"default_layout","footnotes":""},"categories":[1],"tags":[],"class_list":["post-27206","post","type-post","status-publish","format-standard","has-post-thumbnail","hentry","category-destacadas"],"acf":[],"_links":{"self":[{"href":"https:\/\/vocesparalelas.com.ar\/sitio\/wp-json\/wp\/v2\/posts\/27206","targetHints":{"allow":["GET"]}}],"collection":[{"href":"https:\/\/vocesparalelas.com.ar\/sitio\/wp-json\/wp\/v2\/posts"}],"about":[{"href":"https:\/\/vocesparalelas.com.ar\/sitio\/wp-json\/wp\/v2\/types\/post"}],"author":[{"embeddable":true,"href":"https:\/\/vocesparalelas.com.ar\/sitio\/wp-json\/wp\/v2\/users\/3"}],"replies":[{"embeddable":true,"href":"https:\/\/vocesparalelas.com.ar\/sitio\/wp-json\/wp\/v2\/comments?post=27206"}],"version-history":[{"count":1,"href":"https:\/\/vocesparalelas.com.ar\/sitio\/wp-json\/wp\/v2\/posts\/27206\/revisions"}],"predecessor-version":[{"id":27207,"href":"https:\/\/vocesparalelas.com.ar\/sitio\/wp-json\/wp\/v2\/posts\/27206\/revisions\/27207"}],"wp:featuredmedia":[{"embeddable":true,"href":"https:\/\/vocesparalelas.com.ar\/sitio\/wp-json\/wp\/v2\/media\/27175"}],"wp:attachment":[{"href":"https:\/\/vocesparalelas.com.ar\/sitio\/wp-json\/wp\/v2\/media?parent=27206"}],"wp:term":[{"taxonomy":"category","embeddable":true,"href":"https:\/\/vocesparalelas.com.ar\/sitio\/wp-json\/wp\/v2\/categories?post=27206"},{"taxonomy":"post_tag","embeddable":true,"href":"https:\/\/vocesparalelas.com.ar\/sitio\/wp-json\/wp\/v2\/tags?post=27206"}],"curies":[{"name":"wp","href":"https:\/\/api.w.org\/{rel}","templated":true}]}}