{"id":27203,"date":"2020-03-23T19:51:27","date_gmt":"2020-03-23T22:51:27","guid":{"rendered":"http:\/\/vocesparalelas.com.ar\/sitio\/?p=27203"},"modified":"2020-03-23T19:54:22","modified_gmt":"2020-03-23T22:54:22","slug":"se-determino-la-modalidad-no-presencial-para-los-integrantes-de-guardias-minimas-en-las-escuelas","status":"publish","type":"post","link":"https:\/\/vocesparalelas.com.ar\/sitio\/se-determino-la-modalidad-no-presencial-para-los-integrantes-de-guardias-minimas-en-las-escuelas\/","title":{"rendered":"Se determin\u00f3 la modalidad no presencial para los integrantes de guardias m\u00ednimas en las Escuelas"},"content":{"rendered":"<p>El Ministerio de Educaci\u00f3n DEL Gobierno de San Juan, observando los decretos acuerdos provinciales, el DNU del Poder Ejecutivo y con la aprobaci\u00f3n del Ministerio de Salud de San Juan, que fue designado como la Autoridad de Aplicaci\u00f3n , ante las emergencia por la pandemia del coronavirus, informa a la comunidad educativa la modalidad de trabajo a partir del Lunes, 23 al 31 de Marzo.<\/p>\n<p>Tras haber cumplido con guardias m\u00ednimas con director, vicedirector, administrativos y personal de maestranza, los que con su trabajo posibilitaron: la elaboraci\u00f3n de las gu\u00edas pedag\u00f3gicas, limpieza y desinfecci\u00f3n de las instituciones educativas y la confecci\u00f3n de listas de matr\u00edculas 2020 de las escuelas con comedores escolares, para la entrega de m\u00f3dulos alimentarios a cargo del Ministerio de Desarrollo Humano, se resolvi\u00f3 que la modalidad de trabajo es no presencial hasta el 31 de este mes.<\/p>\n<p>Por lo tanto, los Directivos y supervisores deben establecer mecanismos adecuados, virtuales o telef\u00f3nicos, de comunicaci\u00f3n permanente para resolver cualquier contingencia que se presente.<\/p>\n<p>Los directivos y supervisores, deben arbitrar los mecanismos de comunicaci\u00f3n permanente para poder resolver cualquier contingencia que se presente. Como as\u00ed tambi\u00e9n el monitoreo de las gu\u00edas pedag\u00f3gicas y la confecci\u00f3n de las planillas de novedades.<\/p>\n<p>Se recuerda que las escuelas con comedores escolares, garantizaron el servicio alimentario de los estudiantes con la entrega de m\u00f3dulos alimentarios que realiz\u00f3 el Ministerio de Desarrollo Humano.<\/p>\n<p>&nbsp;<\/p>\n<p>&nbsp;<\/p>\n<p>&nbsp;<\/p>\n<p>&nbsp;<\/p>\n","protected":false},"excerpt":{"rendered":"<p>El Ministerio de Educaci\u00f3n DEL Gobierno de San Juan, observando los decretos acuerdos provinciales, el DNU del Poder Ejecutivo y<\/p>\n","protected":false},"author":3,"featured_media":27204,"comment_status":"closed","ping_status":"closed","sticky":false,"template":"","format":"standard","meta":{"_acf_changed":false,"_seopress_robots_primary_cat":"","_seopress_titles_title":"","_seopress_titles_desc":"","_seopress_robots_index":"","colormag_page_container_layout":"default_layout","colormag_page_sidebar_layout":"default_layout","footnotes":""},"categories":[1],"tags":[],"class_list":["post-27203","post","type-post","status-publish","format-standard","has-post-thumbnail","hentry","category-destacadas"],"acf":[],"_links":{"self":[{"href":"https:\/\/vocesparalelas.com.ar\/sitio\/wp-json\/wp\/v2\/posts\/27203","targetHints":{"allow":["GET"]}}],"collection":[{"href":"https:\/\/vocesparalelas.com.ar\/sitio\/wp-json\/wp\/v2\/posts"}],"about":[{"href":"https:\/\/vocesparalelas.com.ar\/sitio\/wp-json\/wp\/v2\/types\/post"}],"author":[{"embeddable":true,"href":"https:\/\/vocesparalelas.com.ar\/sitio\/wp-json\/wp\/v2\/users\/3"}],"replies":[{"embeddable":true,"href":"https:\/\/vocesparalelas.com.ar\/sitio\/wp-json\/wp\/v2\/comments?post=27203"}],"version-history":[{"count":1,"href":"https:\/\/vocesparalelas.com.ar\/sitio\/wp-json\/wp\/v2\/posts\/27203\/revisions"}],"predecessor-version":[{"id":27205,"href":"https:\/\/vocesparalelas.com.ar\/sitio\/wp-json\/wp\/v2\/posts\/27203\/revisions\/27205"}],"wp:featuredmedia":[{"embeddable":true,"href":"https:\/\/vocesparalelas.com.ar\/sitio\/wp-json\/wp\/v2\/media\/27204"}],"wp:attachment":[{"href":"https:\/\/vocesparalelas.com.ar\/sitio\/wp-json\/wp\/v2\/media?parent=27203"}],"wp:term":[{"taxonomy":"category","embeddable":true,"href":"https:\/\/vocesparalelas.com.ar\/sitio\/wp-json\/wp\/v2\/categories?post=27203"},{"taxonomy":"post_tag","embeddable":true,"href":"https:\/\/vocesparalelas.com.ar\/sitio\/wp-json\/wp\/v2\/tags?post=27203"}],"curies":[{"name":"wp","href":"https:\/\/api.w.org\/{rel}","templated":true}]}}