{"id":27197,"date":"2020-03-22T22:06:07","date_gmt":"2020-03-23T01:06:07","guid":{"rendered":"http:\/\/vocesparalelas.com.ar\/sitio\/?p=27197"},"modified":"2020-03-22T22:46:15","modified_gmt":"2020-03-23T01:46:15","slug":"se-decidio-que-los-sanjuaninos-que-provengan-del-exterior-deben-realizar-la-cuarentena-en-lugares-determinados-en-san-juan","status":"publish","type":"post","link":"https:\/\/vocesparalelas.com.ar\/sitio\/se-decidio-que-los-sanjuaninos-que-provengan-del-exterior-deben-realizar-la-cuarentena-en-lugares-determinados-en-san-juan\/","title":{"rendered":"Se decidi\u00f3 que los sanjuaninos que provengan del exterior deben realizar la cuarentena en lugares determinados en San Juan"},"content":{"rendered":"<p>El Domingo, 22 de Maezo, al mediod\u00eda se llev\u00f3 a cabo una nueva reuni\u00f3n de Gabinete y Comit\u00e9 de Emergencia del Gobierno de San Juan, presidida por el gobernador, Dr. Sergio U\u00f1ac, quienes analizaron el estado de situaci\u00f3n, con respecto a las medidas tomadas para prevenir el avance del COVID-19, coronavirus.<\/p>\n<p>En ese marco, el primer mandatario provincial anunci\u00f3 que se profundizan las acciones respecto a blindar la frontera y l\u00edmites de la provincia, por lo cu\u00e1l desde el d\u00eda de la fecha, adem\u00e1s del ingreso restringido solo a comprovincianos. Estos, al regresar a San Juan, ya sea desde el exterior u otra provincia deber\u00e1n someterse a un aislamiento obligatorio en el alojamientos acondicionados espec\u00edficamente para tal acci\u00f3n. Cabe aclarar que los costos de la estad\u00eda quedar\u00e1n a cargo de las personas aisladas y no del Estado, y que se aplicar\u00e1n fuertes multas a qui\u00e9nes no acaten la medida. La excepci\u00f3n ser\u00e1 para el transporte de cargas esenciales, como alimentos e insumos sanitarios.<\/p>\n<p>Durante el encuentro, funcionarios a cargo de cada \u00e1rea que integran el gobierno realizaron una evaluaci\u00f3n del trabajo que llevan adelante. Cabe destacar que la ministra de Salud P\u00fablica, Alejandra Venerando, desarroll\u00f3 una serie de proyecciones en base a las medidas tomadas y teniendo en cuenta que al momento no hay confirmaci\u00f3n de casos positivos en San Juan.<\/p>\n<p>El ministro de Obras P\u00fablicas y Servicios, Julio Ort\u00edz Andino, inform\u00f3 que se multiplicaron los trabajos e inversiones de saneamiento y acondicionamiento de los m\u00e1s de 30 centros de atenci\u00f3n, entre hospitales, los dos centrales y los 19 perif\u00e9ricos, tres hoteles, el Estadio Aldo Cantoni y otros nueve, entre polideportivos y m\u00f3dulos del tipo container como los microhospitales del Parque Industrial de Albard\u00f3n y el Circuito San Juan Villicum.<\/p>\n<p>Por el lado de la Secretar\u00eda de Deportes y el Ministerio de Turismo y Cultura, Jorge Chica y Claudia Grynszpan se\u00f1alaron que llevan adelante el acompa\u00f1amiento de acciones en otras \u00e1reas gubernamentales. A su vez, la Secretar\u00eda de Ciencia, Tecnolog\u00eda e Innovaci\u00f3n, trabaja junto al Ministerio de Producci\u00f3n y Desarrollo Econ\u00f3mico para fabricar, de manera segura de alcohol en gel, mediante la colaboraci\u00f3n del sector vitivin\u00edcola de San Juan.<\/p>\n<p>En tanto, el secretario de Seguridad y Orden P\u00fablico, Carlos Munisaga, brind\u00f3 detalles de los controles estrictos en espacios p\u00fablicos y rutas provinciales a cargo de las fuerzas de seguridad, constituidas en un \u201cComando de Seguridad Unificado\u201d, denotando un aumento del cumplimiento por parte de los sanjuaninos a las medidas de aislamiento social preventivo dispuestas por los gobiernos nacional y provincial, que ya superan el 70% y debe alcanzar el 100%.<\/p>\n","protected":false},"excerpt":{"rendered":"<p>El Domingo, 22 de Maezo, al mediod\u00eda se llev\u00f3 a cabo una nueva reuni\u00f3n de Gabinete y Comit\u00e9 de Emergencia<\/p>\n","protected":false},"author":3,"featured_media":27198,"comment_status":"closed","ping_status":"closed","sticky":false,"template":"","format":"standard","meta":{"_acf_changed":false,"_seopress_robots_primary_cat":"","_seopress_titles_title":"","_seopress_titles_desc":"","_seopress_robots_index":"","colormag_page_container_layout":"default_layout","colormag_page_sidebar_layout":"default_layout","footnotes":""},"categories":[1],"tags":[],"class_list":["post-27197","post","type-post","status-publish","format-standard","has-post-thumbnail","hentry","category-destacadas"],"acf":[],"_links":{"self":[{"href":"https:\/\/vocesparalelas.com.ar\/sitio\/wp-json\/wp\/v2\/posts\/27197","targetHints":{"allow":["GET"]}}],"collection":[{"href":"https:\/\/vocesparalelas.com.ar\/sitio\/wp-json\/wp\/v2\/posts"}],"about":[{"href":"https:\/\/vocesparalelas.com.ar\/sitio\/wp-json\/wp\/v2\/types\/post"}],"author":[{"embeddable":true,"href":"https:\/\/vocesparalelas.com.ar\/sitio\/wp-json\/wp\/v2\/users\/3"}],"replies":[{"embeddable":true,"href":"https:\/\/vocesparalelas.com.ar\/sitio\/wp-json\/wp\/v2\/comments?post=27197"}],"version-history":[{"count":1,"href":"https:\/\/vocesparalelas.com.ar\/sitio\/wp-json\/wp\/v2\/posts\/27197\/revisions"}],"predecessor-version":[{"id":27199,"href":"https:\/\/vocesparalelas.com.ar\/sitio\/wp-json\/wp\/v2\/posts\/27197\/revisions\/27199"}],"wp:featuredmedia":[{"embeddable":true,"href":"https:\/\/vocesparalelas.com.ar\/sitio\/wp-json\/wp\/v2\/media\/27198"}],"wp:attachment":[{"href":"https:\/\/vocesparalelas.com.ar\/sitio\/wp-json\/wp\/v2\/media?parent=27197"}],"wp:term":[{"taxonomy":"category","embeddable":true,"href":"https:\/\/vocesparalelas.com.ar\/sitio\/wp-json\/wp\/v2\/categories?post=27197"},{"taxonomy":"post_tag","embeddable":true,"href":"https:\/\/vocesparalelas.com.ar\/sitio\/wp-json\/wp\/v2\/tags?post=27197"}],"curies":[{"name":"wp","href":"https:\/\/api.w.org\/{rel}","templated":true}]}}