{"id":27184,"date":"2020-03-21T01:01:44","date_gmt":"2020-03-21T04:01:44","guid":{"rendered":"http:\/\/vocesparalelas.com.ar\/sitio\/?p=27184"},"modified":"2020-03-26T01:04:51","modified_gmt":"2020-03-26T04:04:51","slug":"yo-me-quedo-en-casa-mira-las-propuestas-que-tiene-cultura-de-san-juan","status":"publish","type":"post","link":"https:\/\/vocesparalelas.com.ar\/sitio\/yo-me-quedo-en-casa-mira-las-propuestas-que-tiene-cultura-de-san-juan\/","title":{"rendered":"Yo me quedo en Casa, mir\u00e1 las propuestas que tiene Cultura de San Juan"},"content":{"rendered":"<p>En el marco de la situaci\u00f3n de emergencia sanitaria por COVID-19, el Ministerio de Turismo y Cultura invita a participar de las actividades desarrolladas y programadas por cada espacio cultural en sus formatos digitales, con la finalidad de adherir a la Campa\u00f1a \u201cYo me quedo en casa\u201d.<\/p>\n<p><span style=\"color: #ff0000;\"><strong>Teatro del Bicentenario<\/strong><\/span><\/p>\n<p>Se podr\u00e1 disfrutar del Teatro del Bicentenario desde tu casa, solo deb\u00e9s ingresar a esta secci\u00f3n del sitio oficial y podr\u00e1s revivir el especial del teatro del en el que se da a conocer el desaf\u00edo de la creaci\u00f3n del TB para San Juan y la impronta cultural y tur\u00edstica que genera. Los espect\u00e1culos de \u201cEl Mes\u00edas\u201d, de Mauricio Wainrot; \u201cLa Flauta M\u00e1gica\u201d, de Wolfang Amadeus Mozart con puesta en escena original para el TB de Eugenio Zanetti; un especial donde te contamos el proceso de creaci\u00f3n del estreno mundial en espa\u00f1ol de \u201cLa Flauta M\u00e1gica\u201d; entrevistas a artistas y directores; y el concierto de la Gala L\u00edrica de la Ball State University.<\/p>\n<p>Adem\u00e1s, podr\u00e1s conocer el TB con una visita virtual 360\u00ba.<\/p>\n<p><iframe loading=\"lazy\" title=\"CULTURA SAN JUAN\" width=\"800\" height=\"450\" src=\"https:\/\/www.youtube.com\/embed\/9hlB3Tm5WUI?feature=oembed\" frameborder=\"0\" allow=\"accelerometer; autoplay; encrypted-media; gyroscope; picture-in-picture\" allowfullscreen><\/iframe><\/p>\n<p><span style=\"color: #ff0000;\"><strong>Museo Provincial de Bellas Artes Franklin Rawson<\/strong><\/span><\/p>\n<ul>\n<li>Video #YoMeQuedoEnCasa. Audiovisual que invita a acceder a los contenidos del museo a trav\u00e9s del sitio web. Se difunde a trav\u00e9s de redes sociales. Destinado a p\u00fablico en general.<\/li>\n<li>Libro infantil \u201cPeque\u00f1os grandes artistas\u201d para descargar e imprimir. Para que los m\u00e1s peque\u00f1os se entretengan junto a sus padres en casa. Este libro para trabajar y colorear contiene una cuidada selecci\u00f3n de obras de la Colecci\u00f3n Permanente. Te invitamos a descargarlo a trav\u00e9s de la p\u00e1gina web y redes sociales Facebook e Instagram. Para ni\u00f1as y ni\u00f1os de 5 a 12 a\u00f1os.<\/li>\n<li>Recomendaci\u00f3n de lecturas: Publicaciones editadas por el museo a trav\u00e9s de Issuu. Propuesta pensada para p\u00e1gina web y redes sociales Facebook e Instagram. Para j\u00f3venes y adultos.<\/li>\n<li>Juegos interactivos en la red. Una propuesta para entretenerse y aprender con obras de la Colecci\u00f3n. De complejidad creciente y f\u00e1cil acceso para compartir por redes sociales Facebook. Para p\u00fablico en general.<\/li>\n<li>Convocatoria anual a proyectos expositivos. Formularios online con bases y condiciones en la web, para artistas visuales y curadores (argentinos o extranjeros).<\/li>\n<li>Juegos interactivos para adolescentes y lecturas para adultos en el sitio oficial del museo.<\/li>\n<\/ul>\n<p><iframe loading=\"lazy\" title=\"CULTURA SAN JUAN\" width=\"800\" height=\"450\" src=\"https:\/\/www.youtube.com\/embed\/KPZLSeUKHBs?feature=oembed\" frameborder=\"0\" allow=\"accelerometer; autoplay; encrypted-media; gyroscope; picture-in-picture\" allowfullscreen><\/iframe><\/p>\n<p><strong><span style=\"color: #ff0000;\">Centro Cultural Contegrand (CCC) y Biblioteca Pablo Echag\u00fce<\/span><\/strong><\/p>\n<p>Ingresando a las redes del CCC pod\u00e9s disfrutar de:<\/p>\n<ul>\n<li>Cuenta Cuentos: en conjunto con la Biblioteca Juan Pablo Echag\u00fce se apelar\u00e1 a un p\u00fablico joven a escuchar cuentos de diferentes g\u00e9neros literarios. Estimulando el poder de la lectura planteando actividades a los interlocutores que ser\u00e1n republicadas en redes sociales.<\/li>\n<li>Showcase online: mini set orientados al estilo unplugged por el cual circular\u00e1n diferentes bandas emergentes locales.<\/li>\n<li>Parkour: Santiago Orquera, dictar\u00e1 un ciclo de introducci\u00f3n al Parkour a trav\u00e9s de las redes sociales.<\/li>\n<\/ul>\n<p><strong><span style=\"color: #ff0000;\">Direcci\u00f3n de Acci\u00f3n territorial y ENERC<\/span><\/strong><\/p>\n<p>Videos de concurso de cortometrajes \u201cComunidades Ling\u00fc\u00edsticas: Identidad y Salvaguardia\u201d Programa de Cooperaci\u00f3n Iberoamericana Ibercultura Viva y Comunitaria (De Espa\u00f1a, Chile, Ecuador, M\u00e9xico, Guatemala, Argentina, Brasil y Uruguay. Podr\u00e1s encontrarlos en las redes del Ministerio de Turismo y Cultura.<\/p>\n<p><span style=\"color: #ff0000;\"><strong>Auditorio Juan Victoria<\/strong><\/span><\/p>\n<ul>\n<li>Reviv\u00ed el concierto de Lito Vitale Quinteto \u2013 Ese Amigo del Alma \u2013 Junto a la Orquesta Sinf\u00f3nica de la Universidad de San Juan dirigida por Emmanuel Siffert a trav\u00e9s de Youtube<\/li>\n<li>Y disfrut\u00e1 en familia de la Misa Criolla en el Auditorio Juan Victoria<\/li>\n<li>La Trova Rosarina en el Auditorio Juan Victoria<\/li>\n<\/ul>\n<p><span style=\"color: #ff0000;\"><strong>Bibliotecas populares<\/strong><\/span><\/p>\n<p>La Direcci\u00f3n de Bibliotecas Populares te invita a disfrutar de la lectura y comparte diferentes bibliotecas digitales para todos los gustos.<\/p>\n<ul>\n<li>Cuentos Contados de CONABIP<\/li>\n<\/ul>\n<p><a href=\"http:\/\/www.conabip.gob.ar\/radio_bp\">http:\/\/www.conabip.gob.ar\/radio_bp<\/a><\/p>\n<ul>\n<li>Hemeroteca del CFI<\/li>\n<\/ul>\n<p><a href=\"https:\/\/cultura.cfi.org.ar\/mediateca\">https:\/\/cultura.cfi.org.ar\/mediateca<\/a><\/p>\n<ul>\n<li>Plan Nacional de Lecturas<\/li>\n<\/ul>\n<p><a href=\"http:\/\/planlectura.educ.ar\/?p=3941\">http:\/\/planlectura.educ.ar\/?p=3941<\/a><\/p>\n<ul>\n<li>Biblioteca Digital Mundial<\/li>\n<\/ul>\n<p><a href=\"https:\/\/www.wdl.org\/es\/\">https:\/\/www.wdl.org\/es\/<\/a><\/p>\n<ul>\n<li>Libros en Evoluci\u00f3n<\/li>\n<\/ul>\n<p><a href=\"https:\/\/www.youtube.com\/channel\/UC21WshYDuLYgQ6N282kSZ6A\">https:\/\/www.youtube.com\/channel\/UC21WshYDuLYgQ6N282kSZ6A<\/a><\/p>\n<p>&nbsp;<\/p>\n<p>&nbsp;<\/p>\n<p>&nbsp;<\/p>\n","protected":false},"excerpt":{"rendered":"<p>En el marco de la situaci\u00f3n de emergencia sanitaria por COVID-19, el Ministerio de Turismo y Cultura invita a participar<\/p>\n","protected":false},"author":3,"featured_media":27185,"comment_status":"closed","ping_status":"closed","sticky":false,"template":"","format":"video","meta":{"_acf_changed":false,"_seopress_robots_primary_cat":"","_seopress_titles_title":"","_seopress_titles_desc":"","_seopress_robots_index":"","colormag_page_container_layout":"default_layout","colormag_page_sidebar_layout":"default_layout","footnotes":""},"categories":[20,7],"tags":[],"class_list":["post-27184","post","type-post","status-publish","format-video","has-post-thumbnail","hentry","category-cartelera","category-videos","post_format-post-format-video"],"acf":[],"_links":{"self":[{"href":"https:\/\/vocesparalelas.com.ar\/sitio\/wp-json\/wp\/v2\/posts\/27184","targetHints":{"allow":["GET"]}}],"collection":[{"href":"https:\/\/vocesparalelas.com.ar\/sitio\/wp-json\/wp\/v2\/posts"}],"about":[{"href":"https:\/\/vocesparalelas.com.ar\/sitio\/wp-json\/wp\/v2\/types\/post"}],"author":[{"embeddable":true,"href":"https:\/\/vocesparalelas.com.ar\/sitio\/wp-json\/wp\/v2\/users\/3"}],"replies":[{"embeddable":true,"href":"https:\/\/vocesparalelas.com.ar\/sitio\/wp-json\/wp\/v2\/comments?post=27184"}],"version-history":[{"count":1,"href":"https:\/\/vocesparalelas.com.ar\/sitio\/wp-json\/wp\/v2\/posts\/27184\/revisions"}],"predecessor-version":[{"id":27186,"href":"https:\/\/vocesparalelas.com.ar\/sitio\/wp-json\/wp\/v2\/posts\/27184\/revisions\/27186"}],"wp:featuredmedia":[{"embeddable":true,"href":"https:\/\/vocesparalelas.com.ar\/sitio\/wp-json\/wp\/v2\/media\/27185"}],"wp:attachment":[{"href":"https:\/\/vocesparalelas.com.ar\/sitio\/wp-json\/wp\/v2\/media?parent=27184"}],"wp:term":[{"taxonomy":"category","embeddable":true,"href":"https:\/\/vocesparalelas.com.ar\/sitio\/wp-json\/wp\/v2\/categories?post=27184"},{"taxonomy":"post_tag","embeddable":true,"href":"https:\/\/vocesparalelas.com.ar\/sitio\/wp-json\/wp\/v2\/tags?post=27184"}],"curies":[{"name":"wp","href":"https:\/\/api.w.org\/{rel}","templated":true}]}}