{"id":27180,"date":"2020-03-20T23:37:14","date_gmt":"2020-03-21T02:37:14","guid":{"rendered":"http:\/\/vocesparalelas.com.ar\/sitio\/?p=27180"},"modified":"2020-03-20T23:37:14","modified_gmt":"2020-03-21T02:37:14","slug":"se-publicara-un-dnu-para-suspender-cortes-de-luz-y-gas-ante-la-falta-de-pago","status":"publish","type":"post","link":"https:\/\/vocesparalelas.com.ar\/sitio\/se-publicara-un-dnu-para-suspender-cortes-de-luz-y-gas-ante-la-falta-de-pago\/","title":{"rendered":"Se publicar\u00e1 un DNU para suspender cortes de luz y gas ante la falta de pago"},"content":{"rendered":"<p>El Gobierno est\u00e1 terminando de darle forma a un Decreto de Necesidad y Urgencia en donde establecer\u00e1 la prohibici\u00f3n del corte de los servicios de luz, agua y gas por falta de pago. Si bien no est\u00e1 claro a\u00fan por cu\u00e1nto tiempo tendr\u00e1 vigencia la norma, ser\u00eda mientras dure la emergencia.<\/p>\n<p>En la mesa chica reunida en la Quinta de Olivos, a donde est\u00e1 por llegar el ministro de Hacienda, Mart\u00edn Guzm\u00e1n, para sumar los n\u00fameros, se est\u00e1n terminando de definir los alcances y los plazos de la norma a publicarse en las pr\u00f3ximas horas.<\/p>\n<p>Las ideas van desde la suspensi\u00f3n por el tiempo que dure la cuarentena hasta el lanzamiento de un plan de pago en cuotas sin intereses para que los usuarios se pongan al d\u00eda con las facturas.<\/p>\n<p>En esa mesa en donde se est\u00e1 terminando de discutir el camino a seguir no s\u00f3lo est\u00e1 presente el recuerdo de 2002 cuando se tomaron medidas similares en medio de la mayor crisis econ\u00f3mica del pa\u00eds, sino tambi\u00e9n algunos fallos de la Corte Suprema de Justicia m\u00e1s recientes en el tiempo en donde los magistrados establecen ideas en las que aparece que el acceso a los servicios b\u00e1sicos son \u201cun derecho elemental\u201d. Derecho que se ver\u00eda potenciado en medio de un proceso de aislamiento como el que hoy se est\u00e1 llevando a cabo en la Argentina.<\/p>\n<p>Esta medidas formar\u00eda parte del paquete que viene lanzando el Gobierno en donde hay un bono para jubilados y para las asignaciones por hijo y embarazo, una rebaja en las contribuciones patronales, l\u00edneas de cr\u00e9ditos blandos por unos $350.000 millones para garantizar la producci\u00f3n y el abastecimiento de alimentos e insumos b\u00e1sicos, gastos de capital por $100.000 millones a obras de infraestructura, educaci\u00f3n y turismo, y un plan de precios m\u00e1ximos, entre otros.<\/p>\n<p><span style=\"color: #008000;\"><strong>Los ejemplos<\/strong><\/span><\/p>\n<p>En algunas provincias donde las empresas son locales ya fueron avanzando en esta l\u00ednea. Por ejemplo, la administraci\u00f3n de Gerardo Morales en Jujuy instruy\u00f3 a la concesionaria de energ\u00eda, Ejesa, para que ante la emergencia sanitaria y epidemiol\u00f3gica por el coronavirus, prorrogue los vencimientos de las facturas el\u00e9ctricas y se abstenga de efectuar cortes por falta de pago de facturas vencidas.<\/p>\n<p>En la provincia de Mendoza, en tanto, la legislatura est\u00e1 discutiendo un proyecto similar en donde se busca evitar los cortes tanto en los sectores vulnerables de la sociedad como en diferentes sectores de la producci\u00f3n provincial.<\/p>\n<p>Pero seguramente los asesores de Alberto Fern\u00e1ndez le hicieron ver que fueron tomadas medidas similares por pa\u00edses centrales en medio de la pandemia que est\u00e1 azotando al mundo.<\/p>\n<p>Hace pocos d\u00edas, el pasado 16 de marzo, el mundo se sorprendi\u00f3 con el anuncio del presidente de Francia, Emmanuel Macron, que lanzaba un paquete de medidas in\u00e9ditas para contrarrestar el impacto en los bolsillos de los ciudadanos de la epidemia de Covid-19 y entre ellas resaltaba la suspensi\u00f3n del pago de facturas de agua, luz y gas.<\/p>\n<p>Algo similar sucedi\u00f3 en Espa\u00f1a y otros pa\u00edses est\u00e1n teniendo en cuenta que la imposibilidad de generar ingresos en buena parte de la poblaci\u00f3n causar\u00eda un quebranto en la cadena de pago y dejar\u00eda a miles de personas sin los servicios esenciales.<\/p>\n<p>En Italia, el pa\u00eds en donde hoy se cuentan m\u00e1s v\u00edctimas fatales por coronavirus, se suspendi\u00f3 el pago de las hipotecas para las familias afectadas por el virus as\u00ed como para las personas que se quedaron sin empleo o que temporalmente no tendr\u00e1n ingresos.<\/p>\n<p>En Canad\u00e1 se lanz\u00f3 un paquete especial y su primer ministro, Justin Trudeau, se refiri\u00f3 a que \u201cnadie deber\u00eda tener que preocuparse por tener que pagar el alquiler o tener que gastar m\u00e1s en alimentos en medio de esta pandemia\u201d.<\/p>\n<p>&nbsp;<\/p>\n<p>&nbsp;<\/p>\n<p>&nbsp;<\/p>\n<p>&nbsp;<\/p>\n","protected":false},"excerpt":{"rendered":"<p>El Gobierno est\u00e1 terminando de darle forma a un Decreto de Necesidad y Urgencia en donde establecer\u00e1 la prohibici\u00f3n del<\/p>\n","protected":false},"author":3,"featured_media":27182,"comment_status":"closed","ping_status":"closed","sticky":false,"template":"","format":"standard","meta":{"_acf_changed":false,"_seopress_robots_primary_cat":"","_seopress_titles_title":"","_seopress_titles_desc":"","_seopress_robots_index":"","colormag_page_container_layout":"default_layout","colormag_page_sidebar_layout":"default_layout","footnotes":""},"categories":[1],"tags":[],"class_list":["post-27180","post","type-post","status-publish","format-standard","has-post-thumbnail","hentry","category-destacadas"],"acf":[],"_links":{"self":[{"href":"https:\/\/vocesparalelas.com.ar\/sitio\/wp-json\/wp\/v2\/posts\/27180","targetHints":{"allow":["GET"]}}],"collection":[{"href":"https:\/\/vocesparalelas.com.ar\/sitio\/wp-json\/wp\/v2\/posts"}],"about":[{"href":"https:\/\/vocesparalelas.com.ar\/sitio\/wp-json\/wp\/v2\/types\/post"}],"author":[{"embeddable":true,"href":"https:\/\/vocesparalelas.com.ar\/sitio\/wp-json\/wp\/v2\/users\/3"}],"replies":[{"embeddable":true,"href":"https:\/\/vocesparalelas.com.ar\/sitio\/wp-json\/wp\/v2\/comments?post=27180"}],"version-history":[{"count":1,"href":"https:\/\/vocesparalelas.com.ar\/sitio\/wp-json\/wp\/v2\/posts\/27180\/revisions"}],"predecessor-version":[{"id":27183,"href":"https:\/\/vocesparalelas.com.ar\/sitio\/wp-json\/wp\/v2\/posts\/27180\/revisions\/27183"}],"wp:featuredmedia":[{"embeddable":true,"href":"https:\/\/vocesparalelas.com.ar\/sitio\/wp-json\/wp\/v2\/media\/27182"}],"wp:attachment":[{"href":"https:\/\/vocesparalelas.com.ar\/sitio\/wp-json\/wp\/v2\/media?parent=27180"}],"wp:term":[{"taxonomy":"category","embeddable":true,"href":"https:\/\/vocesparalelas.com.ar\/sitio\/wp-json\/wp\/v2\/categories?post=27180"},{"taxonomy":"post_tag","embeddable":true,"href":"https:\/\/vocesparalelas.com.ar\/sitio\/wp-json\/wp\/v2\/tags?post=27180"}],"curies":[{"name":"wp","href":"https:\/\/api.w.org\/{rel}","templated":true}]}}