{"id":27174,"date":"2020-03-20T22:05:57","date_gmt":"2020-03-21T01:05:57","guid":{"rendered":"http:\/\/vocesparalelas.com.ar\/sitio\/?p=27174"},"modified":"2020-03-20T22:05:57","modified_gmt":"2020-03-21T01:05:57","slug":"portal-del-aula-en-linea-del-ministerio-de-educacion-de-san-juan","status":"publish","type":"post","link":"https:\/\/vocesparalelas.com.ar\/sitio\/portal-del-aula-en-linea-del-ministerio-de-educacion-de-san-juan\/","title":{"rendered":"Portal del Aula en L\u00ednea del Ministerio de Educaci\u00f3n de San Juan"},"content":{"rendered":"<p>El Ministerio de Educaci\u00f3n del Gobierno de San Juan ante las medidas excepcionales dispuestas por protocolo de Salud en prevenci\u00f3n del \u00a0coronavirus y observando los lineamientos dispuestos en la Resoluci\u00f3n N\u00b0 631 en la jornada se avanz\u00f3 en los siguientes puntos.<\/p>\n<ul>\n<li>Elaboraron y subieron 60 propuestas pedag\u00f3gicas al portal Nuestra Aula en L\u00ednea, dise\u00f1ada e implementada por el Ministerio, para los distintos niveles y modalidades del sistema educativo. El dise\u00f1o de las propuestas, se realiz\u00f3 con la participaci\u00f3n de docentes, directivos, supervisores y profesionales de Gabinetes T\u00e9cnicos Interdisciplinarios de Educaci\u00f3n.<\/li>\n<\/ul>\n<p><strong><span style=\"color: #ff0000;\">Para ingresar acceder al link<\/span><\/strong><\/p>\n<p><a href=\"http:\/\/educacion.sanjuan.gob.ar\/\">http:\/\/educacion.sanjuan.gob.ar\/<\/a><\/p>\n<ul>\n<li>Adem\u00e1s, se inform\u00f3 a los ministerios de Salud de San Juan y de Educaci\u00f3n de la Naci\u00f3n, sobre el personal: docente, no docentes y estudiantes que estuvieron en pa\u00edses con circulaci\u00f3n sostenida de COVID-19 o que tuvieron contacto permanente con personas que circularon por estas zonas de riesgo, en el marco de articulaci\u00f3n interministerial provincial y nacional.<\/li>\n<li>Se coordin\u00f3 con el Ministerio de Desarrollo Humano y Promoci\u00f3n Social y las Municipalidades de los 19 Departamentos de San Juan, la distribuci\u00f3n de m\u00f3dulos alimentarios para cada uno de los estudiantes beneficiados por comedores escolares.<\/li>\n<li>Se verific\u00f3 la aplicaci\u00f3n del Protocolo de Salud de San Juan COVID-19, en las distintas instituciones educativas en las que se realizan guardias m\u00ednimas durante el per\u00edodo comprendido del 16 de marzo al 12 de abril.<\/li>\n<li>Se entreg\u00f3 m\u00e1s del 50% de los kits de limpieza en proporci\u00f3n a la cantidad de alumnos matriculados y el tipo de servicio, a las instituciones educativas, para cumplir con las medidas higi\u00e9nicas establecidas en la Resoluci\u00f3n N\u00b0 525-ME-2020.<\/li>\n<\/ul>\n<p>&nbsp;<\/p>\n<p><img loading=\"lazy\" decoding=\"async\" class=\"alignnone wp-image-25616 size-large\" src=\"https:\/\/vocesparalelas.com.ar\/sitio\/wp-content\/uploads\/2019\/12\/GOBIERNO-BANDERA-01-800x533.jpg\" alt=\"\" width=\"800\" height=\"533\" srcset=\"https:\/\/vocesparalelas.com.ar\/sitio\/wp-content\/uploads\/2019\/12\/GOBIERNO-BANDERA-01.jpg 800w, https:\/\/vocesparalelas.com.ar\/sitio\/wp-content\/uploads\/2019\/12\/GOBIERNO-BANDERA-01-300x200.jpg 300w, https:\/\/vocesparalelas.com.ar\/sitio\/wp-content\/uploads\/2019\/12\/GOBIERNO-BANDERA-01-768x512.jpg 768w\" sizes=\"auto, (max-width: 800px) 100vw, 800px\" \/><\/p>\n<p>&nbsp;<\/p>\n<p>&nbsp;<\/p>\n","protected":false},"excerpt":{"rendered":"<p>El Ministerio de Educaci\u00f3n del Gobierno de San Juan ante las medidas excepcionales dispuestas por protocolo de Salud en prevenci\u00f3n<\/p>\n","protected":false},"author":3,"featured_media":27175,"comment_status":"closed","ping_status":"closed","sticky":false,"template":"","format":"standard","meta":{"_acf_changed":false,"_seopress_robots_primary_cat":"","_seopress_titles_title":"","_seopress_titles_desc":"","_seopress_robots_index":"","colormag_page_container_layout":"default_layout","colormag_page_sidebar_layout":"default_layout","footnotes":""},"categories":[1],"tags":[],"class_list":["post-27174","post","type-post","status-publish","format-standard","has-post-thumbnail","hentry","category-destacadas"],"acf":[],"_links":{"self":[{"href":"https:\/\/vocesparalelas.com.ar\/sitio\/wp-json\/wp\/v2\/posts\/27174","targetHints":{"allow":["GET"]}}],"collection":[{"href":"https:\/\/vocesparalelas.com.ar\/sitio\/wp-json\/wp\/v2\/posts"}],"about":[{"href":"https:\/\/vocesparalelas.com.ar\/sitio\/wp-json\/wp\/v2\/types\/post"}],"author":[{"embeddable":true,"href":"https:\/\/vocesparalelas.com.ar\/sitio\/wp-json\/wp\/v2\/users\/3"}],"replies":[{"embeddable":true,"href":"https:\/\/vocesparalelas.com.ar\/sitio\/wp-json\/wp\/v2\/comments?post=27174"}],"version-history":[{"count":1,"href":"https:\/\/vocesparalelas.com.ar\/sitio\/wp-json\/wp\/v2\/posts\/27174\/revisions"}],"predecessor-version":[{"id":27176,"href":"https:\/\/vocesparalelas.com.ar\/sitio\/wp-json\/wp\/v2\/posts\/27174\/revisions\/27176"}],"wp:featuredmedia":[{"embeddable":true,"href":"https:\/\/vocesparalelas.com.ar\/sitio\/wp-json\/wp\/v2\/media\/27175"}],"wp:attachment":[{"href":"https:\/\/vocesparalelas.com.ar\/sitio\/wp-json\/wp\/v2\/media?parent=27174"}],"wp:term":[{"taxonomy":"category","embeddable":true,"href":"https:\/\/vocesparalelas.com.ar\/sitio\/wp-json\/wp\/v2\/categories?post=27174"},{"taxonomy":"post_tag","embeddable":true,"href":"https:\/\/vocesparalelas.com.ar\/sitio\/wp-json\/wp\/v2\/tags?post=27174"}],"curies":[{"name":"wp","href":"https:\/\/api.w.org\/{rel}","templated":true}]}}