{"id":27171,"date":"2020-03-20T21:12:17","date_gmt":"2020-03-21T00:12:17","guid":{"rendered":"http:\/\/vocesparalelas.com.ar\/sitio\/?p=27171"},"modified":"2020-03-20T21:52:45","modified_gmt":"2020-03-21T00:52:45","slug":"capacitacion-para-docentes-en-aula-virtual-como-acceder","status":"publish","type":"post","link":"https:\/\/vocesparalelas.com.ar\/sitio\/capacitacion-para-docentes-en-aula-virtual-como-acceder\/","title":{"rendered":"Capacitaci\u00f3n para docentes en aula virtual \u00bfc\u00f3mo acceder?"},"content":{"rendered":"<p>Desde el Sistema Institucional de Educaci\u00f3n a Distancia (SIED) se inform\u00f3 que aquellas personas que hayan completado el formulario de inscripci\u00f3n para el Curso de capacitaci\u00f3n de Dise\u00f1o B\u00e1sico de Aula Virtuales en Moodle y no hayan recibido sus datos de acceso, deben enviar un mail a <a href=\"mailto:sied@unsj.edu.ar\">sied@unsj.edu.ar<\/a> mientras que aquellas personas que ya recibieron el correo de confirmaci\u00f3n, pero que no pueden acceder al campus, deben consultar a <a href=\"mailto:siedunsj@gmail.com\">siedunsj@gmail.com<\/a><\/p>\n<p>Del mismo modo, se inform\u00f3 que por otras consultas relacionadas con la capacitaci\u00f3n, est\u00e1n disponibles las mesas de ayuda de cada facultad e institutos preuniversitarios, seg\u00fan el siguiente detalle:<\/p>\n<ul>\n<li>Facultad de Ingenier\u00eda <a href=\"mailto:sied-fi@unsj.edu.ar\">sied-fi@unsj.edu.ar<\/a><\/li>\n<li>Facultad de Filosof\u00eda, Humanidades y Artes <a href=\"mailto:sied-ffha@unsj.edu.ar\">sied-ffha@unsj.edu.ar<\/a><\/li>\n<li>Facultad de Ciencias Exactas, F\u00edsicas y Naturales <a href=\"mailto:sied-exactas@unsj.edu.ar\">sied-exactas@unsj.edu.ar<\/a><\/li>\n<li>Facultad de Arquitectura, Urbanismo y Dise\u00f1o <a href=\"mailto:sied-faud@unsj.edu.ar\">sied-faud@unsj.edu.ar<\/a><\/li>\n<li>Facultad de Ciencias Sociales <a href=\"mailto:sied-facso@unsj.edu.ar\">sied-facso@unsj.edu.ar<\/a><\/li>\n<li>Escuela de Ciencias de la Salud <a href=\"mailto:sied-salud@unsj.edu.ar\">sied-salud@unsj.edu.ar<\/a><\/li>\n<li>Escuela Industrial \u201cDomingo F. Sarmiento\u201d <a href=\"mailto:sied-eidfs@unsj.edu.ar\">sied-eidfs@unsj.edu.ar<\/a><\/li>\n<li>Escuela de Comercio \u201cLibertador Gral. San Mart\u00edn\u201d <a href=\"mailto:sied-eclgsm@unsj.edu.ar\">sied-eclgsm@unsj.edu.ar<\/a><\/li>\n<li>Colegio Central Universitario \u201cMariano Moreno\u201d <a href=\"mailto:sied-ccu@unsj.edu.ar\">sied-ccu@unsj.edu.ar<\/a><\/li>\n<\/ul>\n<p>Desde el SIED se aclar\u00f3 que dada la situaci\u00f3n de emergencia, por ahora s\u00f3lo se atender\u00e1n consultas relacionadas con esta capacitaci\u00f3n.<\/p>\n<p><a href=\"https:\/\/campusvirtual.unsj.edu.ar\/login\/\">https:\/\/campusvirtual.unsj.edu.ar\/login\/<\/a><\/p>\n<p><img loading=\"lazy\" decoding=\"async\" class=\"alignnone wp-image-23747 size-large\" src=\"https:\/\/vocesparalelas.com.ar\/sitio\/wp-content\/uploads\/2019\/09\/UNSJ-LOGO-20-800x600.jpg\" alt=\"\" width=\"800\" height=\"600\" srcset=\"https:\/\/vocesparalelas.com.ar\/sitio\/wp-content\/uploads\/2019\/09\/UNSJ-LOGO-20-800x600.jpg 800w, https:\/\/vocesparalelas.com.ar\/sitio\/wp-content\/uploads\/2019\/09\/UNSJ-LOGO-20-300x225.jpg 300w, https:\/\/vocesparalelas.com.ar\/sitio\/wp-content\/uploads\/2019\/09\/UNSJ-LOGO-20-768x576.jpg 768w, https:\/\/vocesparalelas.com.ar\/sitio\/wp-content\/uploads\/2019\/09\/UNSJ-LOGO-20.jpg 1000w\" sizes=\"auto, (max-width: 800px) 100vw, 800px\" \/><\/p>\n","protected":false},"excerpt":{"rendered":"<p>Desde el Sistema Institucional de Educaci\u00f3n a Distancia (SIED) se inform\u00f3 que aquellas personas que hayan completado el formulario de<\/p>\n","protected":false},"author":3,"featured_media":27172,"comment_status":"closed","ping_status":"closed","sticky":false,"template":"","format":"standard","meta":{"_acf_changed":false,"_seopress_robots_primary_cat":"","_seopress_titles_title":"","_seopress_titles_desc":"","_seopress_robots_index":"","colormag_page_container_layout":"default_layout","colormag_page_sidebar_layout":"default_layout","footnotes":""},"categories":[1],"tags":[],"class_list":["post-27171","post","type-post","status-publish","format-standard","has-post-thumbnail","hentry","category-destacadas"],"acf":[],"_links":{"self":[{"href":"https:\/\/vocesparalelas.com.ar\/sitio\/wp-json\/wp\/v2\/posts\/27171","targetHints":{"allow":["GET"]}}],"collection":[{"href":"https:\/\/vocesparalelas.com.ar\/sitio\/wp-json\/wp\/v2\/posts"}],"about":[{"href":"https:\/\/vocesparalelas.com.ar\/sitio\/wp-json\/wp\/v2\/types\/post"}],"author":[{"embeddable":true,"href":"https:\/\/vocesparalelas.com.ar\/sitio\/wp-json\/wp\/v2\/users\/3"}],"replies":[{"embeddable":true,"href":"https:\/\/vocesparalelas.com.ar\/sitio\/wp-json\/wp\/v2\/comments?post=27171"}],"version-history":[{"count":1,"href":"https:\/\/vocesparalelas.com.ar\/sitio\/wp-json\/wp\/v2\/posts\/27171\/revisions"}],"predecessor-version":[{"id":27173,"href":"https:\/\/vocesparalelas.com.ar\/sitio\/wp-json\/wp\/v2\/posts\/27171\/revisions\/27173"}],"wp:featuredmedia":[{"embeddable":true,"href":"https:\/\/vocesparalelas.com.ar\/sitio\/wp-json\/wp\/v2\/media\/27172"}],"wp:attachment":[{"href":"https:\/\/vocesparalelas.com.ar\/sitio\/wp-json\/wp\/v2\/media?parent=27171"}],"wp:term":[{"taxonomy":"category","embeddable":true,"href":"https:\/\/vocesparalelas.com.ar\/sitio\/wp-json\/wp\/v2\/categories?post=27171"},{"taxonomy":"post_tag","embeddable":true,"href":"https:\/\/vocesparalelas.com.ar\/sitio\/wp-json\/wp\/v2\/tags?post=27171"}],"curies":[{"name":"wp","href":"https:\/\/api.w.org\/{rel}","templated":true}]}}