{"id":27167,"date":"2020-03-23T18:37:20","date_gmt":"2020-03-23T21:37:20","guid":{"rendered":"http:\/\/vocesparalelas.com.ar\/sitio\/?p=27167"},"modified":"2020-03-24T01:57:26","modified_gmt":"2020-03-24T04:57:26","slug":"sin-atencion-al-publico-en-la-unsj-pero-con-alguna-excepciones","status":"publish","type":"post","link":"https:\/\/vocesparalelas.com.ar\/sitio\/sin-atencion-al-publico-en-la-unsj-pero-con-alguna-excepciones\/","title":{"rendered":"Sin atenci\u00f3n al p\u00fablico en la UNSJ pero con alguna excepciones"},"content":{"rendered":"<p class=\"noticia\">Est\u00e1n exceptuados las \u00e1reas de Salud, secretar\u00eda de Comunicaci\u00f3n y el Comedor Universitario, que entregar\u00e1 almuerzo y cena s\u00f3lo al mediod\u00eda.<\/p>\n<p>El rector de la UNSJ, Dr. Oscar Nasisi, inform\u00f3 que en virtud de la decisi\u00f3n presidencial por la emergencia sanitaria, a partir de las 00:00 horas del d\u00eda Viernes ,20 de Marzo, se cierran todos los edificios de la UNSJ, siendo las \u00fanicas excepciones la Secretar\u00eda de Comunicaci\u00f3n, el \u00e1rea de Salud y Comedor Universitario.<\/p>\n<p>El personal de la Secretar\u00eda Administrativo Financiera estuvo trabajando, durante la noche del jueves, en la liquidaci\u00f3n de los haberes del mes de marzo de todo el personal, de manera que pueda estar acreditado en las cuentas respectivas la semana pr\u00f3xima. Esta tarea qued\u00f3 terminada a medianoche para que el personal pudiera cumplir la cuarentena obligatoria.<\/p>\n<p><strong><span style=\"color: #800080;\">Servicios<\/span><\/strong><\/p>\n<p>El Comedor Universitario, ubicado en el Complejo El Palomar, atende s\u00f3lo al mediod\u00eda para entregar almuerzo y cena, a la vez.<\/p>\n<p><iframe loading=\"lazy\" title=\"UNSJ COMEDOR\" width=\"800\" height=\"450\" src=\"https:\/\/www.youtube.com\/embed\/wMHZrsIYzvE?feature=oembed\" frameborder=\"0\" allow=\"accelerometer; autoplay; encrypted-media; gyroscope; picture-in-picture\" allowfullscreen><\/iframe><\/p>\n<p>Quienes acceden a este servicio deben llevar recipientes adecuados para las dos comidas. La venta de tickets se hace de 11:30 a 13:30 horas.<\/p>\n<p>&nbsp;<\/p>\n<p>&nbsp;<\/p>\n<p>&nbsp;<\/p>\n","protected":false},"excerpt":{"rendered":"<p>Est\u00e1n exceptuados las \u00e1reas de Salud, secretar\u00eda de Comunicaci\u00f3n y el Comedor Universitario, que entregar\u00e1 almuerzo y cena s\u00f3lo al<\/p>\n","protected":false},"author":3,"featured_media":22486,"comment_status":"closed","ping_status":"closed","sticky":false,"template":"","format":"video","meta":{"_acf_changed":false,"_seopress_robots_primary_cat":"","_seopress_titles_title":"","_seopress_titles_desc":"","_seopress_robots_index":"","colormag_page_container_layout":"default_layout","colormag_page_sidebar_layout":"default_layout","footnotes":""},"categories":[1,7],"tags":[],"class_list":["post-27167","post","type-post","status-publish","format-video","has-post-thumbnail","hentry","category-destacadas","category-videos","post_format-post-format-video"],"acf":[],"_links":{"self":[{"href":"https:\/\/vocesparalelas.com.ar\/sitio\/wp-json\/wp\/v2\/posts\/27167","targetHints":{"allow":["GET"]}}],"collection":[{"href":"https:\/\/vocesparalelas.com.ar\/sitio\/wp-json\/wp\/v2\/posts"}],"about":[{"href":"https:\/\/vocesparalelas.com.ar\/sitio\/wp-json\/wp\/v2\/types\/post"}],"author":[{"embeddable":true,"href":"https:\/\/vocesparalelas.com.ar\/sitio\/wp-json\/wp\/v2\/users\/3"}],"replies":[{"embeddable":true,"href":"https:\/\/vocesparalelas.com.ar\/sitio\/wp-json\/wp\/v2\/comments?post=27167"}],"version-history":[{"count":4,"href":"https:\/\/vocesparalelas.com.ar\/sitio\/wp-json\/wp\/v2\/posts\/27167\/revisions"}],"predecessor-version":[{"id":27214,"href":"https:\/\/vocesparalelas.com.ar\/sitio\/wp-json\/wp\/v2\/posts\/27167\/revisions\/27214"}],"wp:featuredmedia":[{"embeddable":true,"href":"https:\/\/vocesparalelas.com.ar\/sitio\/wp-json\/wp\/v2\/media\/22486"}],"wp:attachment":[{"href":"https:\/\/vocesparalelas.com.ar\/sitio\/wp-json\/wp\/v2\/media?parent=27167"}],"wp:term":[{"taxonomy":"category","embeddable":true,"href":"https:\/\/vocesparalelas.com.ar\/sitio\/wp-json\/wp\/v2\/categories?post=27167"},{"taxonomy":"post_tag","embeddable":true,"href":"https:\/\/vocesparalelas.com.ar\/sitio\/wp-json\/wp\/v2\/tags?post=27167"}],"curies":[{"name":"wp","href":"https:\/\/api.w.org\/{rel}","templated":true}]}}