{"id":27159,"date":"2020-03-20T02:18:55","date_gmt":"2020-03-20T05:18:55","guid":{"rendered":"http:\/\/vocesparalelas.com.ar\/sitio\/?p=27159"},"modified":"2020-03-20T02:18:55","modified_gmt":"2020-03-20T05:18:55","slug":"san-juan-se-suma-a-la-cuarentena-total-y-obligatoria-quedate-en-tu-casa","status":"publish","type":"post","link":"https:\/\/vocesparalelas.com.ar\/sitio\/san-juan-se-suma-a-la-cuarentena-total-y-obligatoria-quedate-en-tu-casa\/","title":{"rendered":"San Juan se suma a la cuarentena total y obligatoria \u00abQuedate en tu casa\u00bb"},"content":{"rendered":"<p>El Gobierno de San Juan se suma a la cuarentena de aislamiento total y obligatoria \u00abQuedate en tu casa\u00bb a lo decretado por el Presidente de Argentina, Dr. Alberto Fern\u00e1ndez despu\u00e9s de la reuni\u00f3n con los Gobernadores.<\/p>\n<p>Por lo tanto, el Gobierno de San Juan emiti\u00f3 el Decreto mediante el cual fue producto de la reuni\u00f3n del del Gobernador, Dr. Sergio U\u00f1ac; los Ministros; Intendentes y la C\u00e1mara de Diputados.<\/p>\n<p>Es importante aclara que San Juan hace bastante tiempo que viene trabajando en la prevenci\u00f3n del coronavirus, desde los distintos estamentos para que la poblaci\u00f3n tome conciencia en la campa\u00f1a \u00abQuedate en tu casa\u00bb, sin tener una respuesta un\u00e1nime.<\/p>\n<p>Con el Decreto y con una serie de prohibiciones la poblaci\u00f3n en su totalidad debe permanecer en su casa para evitar que el coronavirus se propague.<\/p>\n<p><span style=\"line-height: 1.5;\">DECRETO ACUERDO N\u00ba<\/span><\/p>\n<div dir=\"auto\">\n<div dir=\"auto\"><\/div>\n<div dir=\"auto\">SAN JUAN,<\/div>\n<div dir=\"auto\">VISTO:<\/div>\n<div dir=\"auto\">La Constituci\u00f3n Provincial en sus art\u00edculos 15 y 61, p\u00e1rrafos 1\u00b0 y 2\u00b0; y,<\/div>\n<div dir=\"auto\"><\/div>\n<div dir=\"auto\">CONSIDERANDO:<\/div>\n<div dir=\"auto\">Que la Organizaci\u00f3n Mundial de la Salud (OMS), tras constatar que el Coronavirus (COVID-19) se est\u00e1 propagando de persona a persona aceleradamente a nivel mundial, decidi\u00f3 declararlo pandemia.<\/div>\n<ul>\n<li dir=\"auto\">Que actualmente el virus se encuentra en estado inicial en nuestro pa\u00eds, por lo que resulta fundamental, adoptar con rapidez medidas de prevenci\u00f3n.<\/li>\n<li dir=\"auto\">Que la Naci\u00f3n Argentina se encuentra en alerta m\u00e1xima a fines de activar la vigilancia epidemiol\u00f3gica y la respuesta integral.<\/li>\n<li dir=\"auto\">Que la provincia debe actuar en sinton\u00eda con la Naci\u00f3n, procediendo al r\u00e1pido aislamiento de las personas afectadas o que pudieran estar contagiadas que pretendan ingresar a la provincia desde el exterior.<\/li>\n<li dir=\"auto\">Que el Decreto de Necesidad y Urgencia N\u00b0 260-2020, emitido por el Gobierno Nacional, ampl\u00eda la Emergencia P\u00fablica en materia sanitaria, establecida por Ley Nacional N\u00b0 27.541.<\/li>\n<li dir=\"auto\">Que el Decreto Acuerdo N\u00ba 7-2020, aprueba el Protocolo para la Prevenci\u00f3n, Contenci\u00f3n y Respuesta del Coronavirus (COVID-19) y el Plan de Contingencia Provincial.<\/li>\n<li dir=\"auto\">Que las medidas adoptadas en el presente tienen por objeto asegurar la vida e integridad f\u00edsica de las personas, porque es un derecho protegido en el art\u00edculo 15 de la Constituci\u00f3n Provincial.<\/li>\n<li dir=\"auto\">Que asimismo el art\u00edculo 61 de la Constituci\u00f3n Provincial establece que el Estado debe garantizar el Derecho a la Salud, y por ello, se hace necesario tomar las medidas de control y preventivas que se dictan en el presente.<\/li>\n<li dir=\"auto\">Que a fin de preservar la salud de la poblaci\u00f3n, surge la necesidad de adoptar medidas extremas, eficaces y urgentes para evitar o reducir las posibilidades de contagio.<\/li>\n<li dir=\"auto\">Que ha tomado debida intervenci\u00f3n a la Asesor\u00eda Letrada de Gobierno.<\/li>\n<\/ul>\n<div dir=\"auto\">Que el presente decreto se emite en ejercicio de las facultades conferidas al Poder Ejecutivo Provincial por la Constituci\u00f3n Provincial, art\u00edculo 189, inciso 12 y 13.<\/div>\n<div dir=\"auto\"><\/div>\n<div dir=\"auto\"><\/div>\n<div dir=\"auto\">POR ELLO;<\/div>\n<div dir=\"auto\">EL GOBERNADOR DE LA PROVINCIA DE SAN JUAN<\/div>\n<div dir=\"auto\">EN ACUERDO DE MINISTROS<\/div>\n<div dir=\"auto\">DECRETA:<\/div>\n<div dir=\"auto\">ART\u00cdCULO 1\u00b0: Se establece, desde las 00:00 horas del d\u00eda 20 de marzo y hasta las 23:59 horas del d\u00eda 12 de abril de 2020, las siguientes obligaciones respecto de las personas que ingresen al territorio provincial:<\/div>\n<div dir=\"auto\">a- Los extranjeros y los nacionales nativos o naturalizados que ingresen al territorio provincial, por cualquier medio de transporte o lugar, se hospedar\u00e1n en d\u00f3nde y bajo las condiciones que disponga la Autoridad de Aplicaci\u00f3n y deber\u00e1n realizar un per\u00edodo de cuarentena obligatoria hasta completar catorce (14) d\u00edas desde su ingreso.<\/div>\n<div dir=\"auto\">b- Los habitantes de la Provincia que hayan salido antes de la vigencia del presente, a su regreso a la provincia por cualquier medio de transporte o lugar, deber\u00e1n acreditar su domicilio en la provincia con DNI, pasaporte u otro documento v\u00e1lido. Luego de constatado el domicilio por la Autoridad de Aplicaci\u00f3n, se les indicar\u00e1 que deber\u00e1n realizar un per\u00edodo de cuarentena obligatorio hasta completar catorce (14) d\u00edas desde su ingreso, esto en su propio domicilio o en el lugar y bajo las condiciones que disponga la Autoridad de Aplicaci\u00f3n.<\/div>\n<div dir=\"auto\">c- Quedan exceptuados del per\u00edodo de cuarentena obligatorio establecido en los incisos precedentes todo el personal sanitario-asistencial sea que cumpla funciones en la provincia y provenga de otra provincia argentina o viceversa. La Autoridad de Aplicaci\u00f3n podr\u00e1 exceptuar a toda otra persona cuya presencia y tareas sea necesaria para garantizar el normal funcionamiento de servicios b\u00e1sicos y esenciales.<\/div>\n<div dir=\"auto\">d- Las personas vinculadas al trasporte de cargas que ingresen a la provincia, ser\u00e1n consideradas en tr\u00e1nsito hasta las veinticuatro (24) horas de permanencia, o por el plazo que estableciera la Autoridad de Aplicaci\u00f3n en virtud de la log\u00edstica espec\u00edfica del proceso de carga-descarga. Para la circulaci\u00f3n dentro de la provincia deber\u00e1n acatar los Protocolos vigentes.<\/div>\n<div dir=\"auto\">e- Los organismos encargados de controlar los ingresos de personas a la provincia quedan facultados para requerir la informaci\u00f3n pertinente y controlar las condiciones de los ingresantes, en colaboraci\u00f3n con los funcionarios id\u00f3neos, para detectar posibles casos sospechosos, de acuerdo a lo establecido por la Autoridad de Aplicaci\u00f3n.<\/div>\n<div dir=\"auto\">ART\u00cdCULO 2\u00ba: Comun\u00edquese y dese al Bolet\u00edn Oficial para su publicaci\u00f3n.<\/div>\n<div dir=\"auto\"><\/div>\n<\/div>\n<div dir=\"auto\"><img loading=\"lazy\" decoding=\"async\" class=\"wp-image-27160 size-large aligncenter\" src=\"https:\/\/vocesparalelas.com.ar\/sitio\/wp-content\/uploads\/2020\/03\/SAN-JUAN-AISLAMIENTO-02-491x800.jpg\" alt=\"\" width=\"491\" height=\"800\" srcset=\"https:\/\/vocesparalelas.com.ar\/sitio\/wp-content\/uploads\/2020\/03\/SAN-JUAN-AISLAMIENTO-02-491x800.jpg 491w, https:\/\/vocesparalelas.com.ar\/sitio\/wp-content\/uploads\/2020\/03\/SAN-JUAN-AISLAMIENTO-02-184x300.jpg 184w, https:\/\/vocesparalelas.com.ar\/sitio\/wp-content\/uploads\/2020\/03\/SAN-JUAN-AISLAMIENTO-02.jpg 629w\" sizes=\"auto, (max-width: 491px) 100vw, 491px\" \/><\/div>\n<div dir=\"auto\"><\/div>\n<div dir=\"auto\"><\/div>\n<div dir=\"auto\"><\/div>\n<div dir=\"auto\"><img loading=\"lazy\" decoding=\"async\" class=\"alignnone wp-image-27161 size-large aligncenter\" src=\"https:\/\/vocesparalelas.com.ar\/sitio\/wp-content\/uploads\/2020\/03\/SAN-JUAN-AISLAMIENTO-01-600x800.jpg\" alt=\"\" width=\"600\" height=\"800\" srcset=\"https:\/\/vocesparalelas.com.ar\/sitio\/wp-content\/uploads\/2020\/03\/SAN-JUAN-AISLAMIENTO-01-600x800.jpg 600w, https:\/\/vocesparalelas.com.ar\/sitio\/wp-content\/uploads\/2020\/03\/SAN-JUAN-AISLAMIENTO-01-225x300.jpg 225w, https:\/\/vocesparalelas.com.ar\/sitio\/wp-content\/uploads\/2020\/03\/SAN-JUAN-AISLAMIENTO-01.jpg 768w\" sizes=\"auto, (max-width: 600px) 100vw, 600px\" \/><\/div>\n<div dir=\"auto\"><\/div>\n","protected":false},"excerpt":{"rendered":"<p>El Gobierno de San Juan se suma a la cuarentena de aislamiento total y obligatoria \u00abQuedate en tu casa\u00bb a<\/p>\n","protected":false},"author":3,"featured_media":1245,"comment_status":"closed","ping_status":"closed","sticky":false,"template":"","format":"standard","meta":{"_acf_changed":false,"_seopress_robots_primary_cat":"","_seopress_titles_title":"","_seopress_titles_desc":"","_seopress_robots_index":"","colormag_page_container_layout":"default_layout","colormag_page_sidebar_layout":"default_layout","footnotes":""},"categories":[1],"tags":[],"class_list":["post-27159","post","type-post","status-publish","format-standard","has-post-thumbnail","hentry","category-destacadas"],"acf":[],"_links":{"self":[{"href":"https:\/\/vocesparalelas.com.ar\/sitio\/wp-json\/wp\/v2\/posts\/27159","targetHints":{"allow":["GET"]}}],"collection":[{"href":"https:\/\/vocesparalelas.com.ar\/sitio\/wp-json\/wp\/v2\/posts"}],"about":[{"href":"https:\/\/vocesparalelas.com.ar\/sitio\/wp-json\/wp\/v2\/types\/post"}],"author":[{"embeddable":true,"href":"https:\/\/vocesparalelas.com.ar\/sitio\/wp-json\/wp\/v2\/users\/3"}],"replies":[{"embeddable":true,"href":"https:\/\/vocesparalelas.com.ar\/sitio\/wp-json\/wp\/v2\/comments?post=27159"}],"version-history":[{"count":1,"href":"https:\/\/vocesparalelas.com.ar\/sitio\/wp-json\/wp\/v2\/posts\/27159\/revisions"}],"predecessor-version":[{"id":27162,"href":"https:\/\/vocesparalelas.com.ar\/sitio\/wp-json\/wp\/v2\/posts\/27159\/revisions\/27162"}],"wp:featuredmedia":[{"embeddable":true,"href":"https:\/\/vocesparalelas.com.ar\/sitio\/wp-json\/wp\/v2\/media\/1245"}],"wp:attachment":[{"href":"https:\/\/vocesparalelas.com.ar\/sitio\/wp-json\/wp\/v2\/media?parent=27159"}],"wp:term":[{"taxonomy":"category","embeddable":true,"href":"https:\/\/vocesparalelas.com.ar\/sitio\/wp-json\/wp\/v2\/categories?post=27159"},{"taxonomy":"post_tag","embeddable":true,"href":"https:\/\/vocesparalelas.com.ar\/sitio\/wp-json\/wp\/v2\/tags?post=27159"}],"curies":[{"name":"wp","href":"https:\/\/api.w.org\/{rel}","templated":true}]}}