{"id":25680,"date":"2019-12-12T01:40:18","date_gmt":"2019-12-12T04:40:18","guid":{"rendered":"http:\/\/vocesparalelas.com.ar\/sitio\/?p=25680"},"modified":"2019-12-12T01:40:18","modified_gmt":"2019-12-12T04:40:18","slug":"gabinete-del-ministerio-de-turismo-y-cultura-que-apuesta-a-san-juan","status":"publish","type":"post","link":"https:\/\/vocesparalelas.com.ar\/sitio\/gabinete-del-ministerio-de-turismo-y-cultura-que-apuesta-a-san-juan\/","title":{"rendered":"Gabinete del Ministerio de Turismo y Cultura que apuesta a San Juan"},"content":{"rendered":"<p>La ministro de Turismo y Cultura del Gobierno de San Juan, Lic. Claudia Grynszpan, entreg\u00f3 certificados a los funcionarios que integran el gabinete, en el Auditorio del Museo Provincial Franklin Rawson y cont\u00f3 con la presencia de los equipos del ministerio y familiares.<\/p>\n<p>\u201cHemos cumplido una primera etapa con mucho trabajo y aprendizaje. Viene este segundo periodo que tiene como premisa dar peso propio a lo que hicimos. Tenemos que subir el siguiente escal\u00f3n con un verdadero objetivo que tenemos como funcionarios: dejar algo que quede en el tiempo, apuntando a la transparencia, la responsabilidad, la dedicaci\u00f3n y sobre todo al compromiso con los sanjuaninos\u201d, dijo Grynszpan.<\/p>\n<p>Despu\u00e9s de alentar a su equipo a seguir trabajando para esta nueva gesti\u00f3n, la ministra entreg\u00f3 los certificados a los funcionarios.<\/p>\n<p><strong><span style=\"color: #ff6600;\">Gabinete del Ministerio de Turismo y Cultura<\/span><\/strong><\/p>\n<p><strong><span style=\"color: #ff6600;\">Secretar\u00eda de Turismo<\/span><\/strong><\/p>\n<ul>\n<li>Secretario de Turismo: Roberto Ju\u00e1rez<\/li>\n<li>Director de Fiscalizaci\u00f3n y Calidad: Emilio Carvajal<\/li>\n<li>Directora de Promoci\u00f3n: Fernanda Rizatti<\/li>\n<li>Directora de Desarrollo Tur\u00edstico: Marcela Hinojosa<\/li>\n<li>Director de Relaciones Institucionales: Nahuel Fernandez<\/li>\n<li>Directora de Productos Tur\u00edsticos: Martina Canales<\/li>\n<\/ul>\n<p><strong><span style=\"color: #ff6600;\">Secretar\u00eda de Cultura<\/span><\/strong><\/p>\n<ul>\n<li>Secretaria de Cultura: Virginia Agote<\/li>\n<li>Directora de Pol\u00edticas e Industrias Culturales: Romina Torres<\/li>\n<li>Director de Gesti\u00f3n de Infraestructura: Facundo Rodrigo<\/li>\n<li>Directora de Bibliotecas Populares: Liliana Alaniz<\/li>\n<li>Directora de Acci\u00f3n Territorial: Celia Soler<\/li>\n<li>Director de Coordinaci\u00f3n Administrativa y Financiera: Juan Manuel Montilla<\/li>\n<li>Director de Planificaci\u00f3n Estrat\u00e9gica: Diego G\u00f3mez<\/li>\n<li>Subdirectora de Coordinaci\u00f3n Administrativa: Adriana Guti\u00e9rrez<\/li>\n<li>Coordinaci\u00f3n de Producciones Art\u00edsticas: Lucas Pringles<\/li>\n<li>Coordinaci\u00f3n de Comunicaci\u00f3n y Ceremonial: Cinthia Luna<\/li>\n<\/ul>\n<p><strong><span style=\"color: #ff6600;\">Ente Aut\u00e1rquico Parque Provincial Ischigualasto<\/span><\/strong><\/p>\n<p>Titular: Emilio Fernandez<\/p>\n<p><strong><span style=\"color: #ff6600;\">Agencia San Juan del Bicentenario<\/span><\/strong><\/p>\n<p>Tiene por objeto generar v\u00ednculos entre el sector p\u00fablico y privado, promoviendo el desarrollo tur\u00edstico, la gesti\u00f3n de espacios culturales y la promoci\u00f3n de eventos relacionados al \u00e1mbito tur\u00edstico y cultural que le sean encomendadas por el Ministerio de Turismo y Cultura.<\/p>\n<ul>\n<li>Presidente: Luis Reinoso<\/li>\n<li>1\u00ba Vocal Titular: Daniel Serrani<\/li>\n<li>S\u00edndico: Fabiana Nicosia<\/li>\n<li>Director Teatro del Bicentenario: Eduardo Savastano<\/li>\n<li>Director del Museo Provincial de Bellas Artes Franklin Rawson: Emanuel D\u00edaz Ruiz<\/li>\n<li>Director del Auditorio Juan Victoria: Rolando Garc\u00eda G\u00f3mez<\/li>\n<li>Coordinadora de Proyectos Especiales: Mar\u00eda Bel\u00e9n Andrada<\/li>\n<li>Coordinadora del Parque Quebrada de Zonda: Andrea Blanco<\/li>\n<li>Coordinadora de Gesti\u00f3n de Licitaciones, Concesiones e Inversiones: Eugenia Igualada<\/li>\n<\/ul>\n","protected":false},"excerpt":{"rendered":"<p>La ministro de Turismo y Cultura del Gobierno de San Juan, Lic. Claudia Grynszpan, entreg\u00f3 certificados a los funcionarios que<\/p>\n","protected":false},"author":3,"featured_media":25681,"comment_status":"closed","ping_status":"closed","sticky":false,"template":"","format":"standard","meta":{"_acf_changed":false,"_seopress_robots_primary_cat":"","_seopress_titles_title":"","_seopress_titles_desc":"","_seopress_robots_index":"","colormag_page_container_layout":"default_layout","colormag_page_sidebar_layout":"default_layout","footnotes":""},"categories":[1],"tags":[],"class_list":["post-25680","post","type-post","status-publish","format-standard","has-post-thumbnail","hentry","category-destacadas"],"acf":[],"_links":{"self":[{"href":"https:\/\/vocesparalelas.com.ar\/sitio\/wp-json\/wp\/v2\/posts\/25680","targetHints":{"allow":["GET"]}}],"collection":[{"href":"https:\/\/vocesparalelas.com.ar\/sitio\/wp-json\/wp\/v2\/posts"}],"about":[{"href":"https:\/\/vocesparalelas.com.ar\/sitio\/wp-json\/wp\/v2\/types\/post"}],"author":[{"embeddable":true,"href":"https:\/\/vocesparalelas.com.ar\/sitio\/wp-json\/wp\/v2\/users\/3"}],"replies":[{"embeddable":true,"href":"https:\/\/vocesparalelas.com.ar\/sitio\/wp-json\/wp\/v2\/comments?post=25680"}],"version-history":[{"count":1,"href":"https:\/\/vocesparalelas.com.ar\/sitio\/wp-json\/wp\/v2\/posts\/25680\/revisions"}],"predecessor-version":[{"id":25682,"href":"https:\/\/vocesparalelas.com.ar\/sitio\/wp-json\/wp\/v2\/posts\/25680\/revisions\/25682"}],"wp:featuredmedia":[{"embeddable":true,"href":"https:\/\/vocesparalelas.com.ar\/sitio\/wp-json\/wp\/v2\/media\/25681"}],"wp:attachment":[{"href":"https:\/\/vocesparalelas.com.ar\/sitio\/wp-json\/wp\/v2\/media?parent=25680"}],"wp:term":[{"taxonomy":"category","embeddable":true,"href":"https:\/\/vocesparalelas.com.ar\/sitio\/wp-json\/wp\/v2\/categories?post=25680"},{"taxonomy":"post_tag","embeddable":true,"href":"https:\/\/vocesparalelas.com.ar\/sitio\/wp-json\/wp\/v2\/tags?post=25680"}],"curies":[{"name":"wp","href":"https:\/\/api.w.org\/{rel}","templated":true}]}}