{"id":25676,"date":"2019-12-12T01:35:08","date_gmt":"2019-12-12T04:35:08","guid":{"rendered":"http:\/\/vocesparalelas.com.ar\/sitio\/?p=25676"},"modified":"2019-12-12T01:35:08","modified_gmt":"2019-12-12T04:35:08","slug":"armando-sanchez-es-intendente-de-la-municipalidad-de-pocito","status":"publish","type":"post","link":"https:\/\/vocesparalelas.com.ar\/sitio\/armando-sanchez-es-intendente-de-la-municipalidad-de-pocito\/","title":{"rendered":"Armando S\u00e1nchez es Intendente de la Municipalidad de Pocito"},"content":{"rendered":"<div dir=\"auto\">\n<div dir=\"auto\">Con un discurso centrado en la planificaci\u00f3n estrat\u00e9gica y una fuerte convocatoria a los pocitanos para generar una ciudadan\u00eda activa y responsable, tom\u00f3 posesi\u00f3n del cargo, para conducir los destinos del departamento durante el per\u00edodo 2019-2023.<\/div>\n<div dir=\"auto\"><\/div>\n<div dir=\"auto\">Funcionarios y vecinos de la comuna se hicieron presentes en la ma\u00f1ana de este martes, en Plaza La Libertad, donde se llev\u00f3 adelante la asunci\u00f3n del nuevo intendente del departamento de Pocito Armando S\u00e1nchez, junto con las dem\u00e1s autoridades municipales electas.<\/div>\n<div dir=\"auto\"><\/div>\n<div dir=\"auto\">Estuvieron presentes autoridades superiores del Gabinete del Poder Ejecutivo provincial; autoridades del Poder Legislativo Provincial; intendentes municipales; autoridades municipales mandato cumplido; Juez de la Corte Suprema de Justicia; autoridades eclesi\u00e1sticas; autoridades de Clubes Sociales y Deportivos; Centro de Jubilados; presidentes de uniones vecinales del departamento; representantes de sectores pol\u00edticos; empleados municipales; adem\u00e1s de numerosos invitados especiales y vecinos.<\/div>\n<div dir=\"auto\"><\/div>\n<div dir=\"auto\">La ceremonia inici\u00f3 con el acto de jura de los concejales y dem\u00e1s autoridades municipales que desempe\u00f1ar\u00e1n funciones p\u00fablicas por el periodo de 2019- 2021.<\/div>\n<div dir=\"auto\">\n<figure id=\"attachment_25677\" aria-describedby=\"caption-attachment-25677\" style=\"width: 800px\" class=\"wp-caption alignnone\"><img loading=\"lazy\" decoding=\"async\" class=\"wp-image-25677 size-large\" src=\"https:\/\/vocesparalelas.com.ar\/sitio\/wp-content\/uploads\/2019\/12\/POCITO-ARMANDO-01-800x533.jpg\" alt=\"\" width=\"800\" height=\"533\" srcset=\"https:\/\/vocesparalelas.com.ar\/sitio\/wp-content\/uploads\/2019\/12\/POCITO-ARMANDO-01.jpg 800w, https:\/\/vocesparalelas.com.ar\/sitio\/wp-content\/uploads\/2019\/12\/POCITO-ARMANDO-01-300x200.jpg 300w, https:\/\/vocesparalelas.com.ar\/sitio\/wp-content\/uploads\/2019\/12\/POCITO-ARMANDO-01-768x512.jpg 768w\" sizes=\"auto, (max-width: 800px) 100vw, 800px\" \/><figcaption id=\"caption-attachment-25677\" class=\"wp-caption-text\">Intendente de la Municipalidad de Pocito, Armando S\u00e1nchez<\/figcaption><\/figure>\n<\/div>\n<div dir=\"auto\"><\/div>\n<div dir=\"auto\">Durante el desarrollo del discurso Armando S\u00e1nchez, destac\u00f3 que \u201clos grandes proyectos son fruto del esfuerzo de todos, quiero alentarlos, desde la primera hora, a ser parte de una gesti\u00f3n municipal de puertas abiertas, donde podamos intercambiar ideas, compartir propuestas y generar espacios de comunicaci\u00f3n fluida\u201d.<\/div>\n<div dir=\"auto\"><\/div>\n<div dir=\"auto\">Con los ejes puestos en la agricultura, el deporte, la cultura y el turismo, asegur\u00f3 que \u201ccolectivamente construiremos un mejor futuro por medio del desarrollo de pol\u00edticas p\u00fablicas. Esto nos permitir\u00e1 trabajar en el Pocito de los pr\u00f3ximos a\u00f1os, planificando futuro, pensando en un presente que nos integre y nos incluya como un departamento creativo, solidario y justo. Hoy comienza una nueva etapa en el departamento\u201d.<\/div>\n<div dir=\"auto\"><\/div>\n<div dir=\"auto\">En la b\u00fasqueda de una gesti\u00f3n de excelencia en cuanto a servicios p\u00fablicos, anunci\u00f3 la puesta en funcionamiento inmediatamente un \u201cSistema Digital de Gesti\u00f3n Operativa\u201d para mejorar la planificaci\u00f3n municipal.<\/div>\n<div dir=\"auto\"><\/div>\n<div dir=\"auto\">\u201cMediante una aplicaci\u00f3n web y m\u00f3vil podremos facilitar y optimizar todas las actividades operativas de la gesti\u00f3n municipal, desde la recepci\u00f3n de reclamos hasta la generaci\u00f3n de \u00f3rdenes de trabajo, monitoreo del stock de materiales y su geolocalizaci\u00f3n\u201d, explic\u00f3 Armando S\u00e1nchez.<\/div>\n<div dir=\"auto\"><\/div>\n<div dir=\"auto\">El Honorable Concejo Deliberante qued\u00f3 conformado de la siguiente forma:<\/div>\n<ul>\n<li dir=\"auto\">Frente Todos, Presidente del Concejo, Ram\u00f3n Jos\u00e9 Funes; vicepresidente primero, Silvina del Valle Cosentino Santander; vicepresidente segundo, Antonio Fern\u00e1ndez Ya\u00f1ez; Ricardo Daniel Julio, Yanina Lorena Ag\u00fcero, Mario Ram\u00f3n Gait\u00e1n.<\/li>\n<li dir=\"auto\">Frente Con Vos, Mar\u00eda de Bel\u00e9n Barboza Grimalt y Laura Marisa Palma Pel\u00e1ez.<\/li>\n<\/ul>\n<\/div>\n<div dir=\"auto\"><\/div>\n<div dir=\"auto\"><\/div>\n","protected":false},"excerpt":{"rendered":"<p>Con un discurso centrado en la planificaci\u00f3n estrat\u00e9gica y una fuerte convocatoria a los pocitanos para generar una ciudadan\u00eda activa<\/p>\n","protected":false},"author":3,"featured_media":25678,"comment_status":"closed","ping_status":"closed","sticky":false,"template":"","format":"standard","meta":{"_acf_changed":false,"_seopress_robots_primary_cat":"","_seopress_titles_title":"","_seopress_titles_desc":"","_seopress_robots_index":"","colormag_page_container_layout":"default_layout","colormag_page_sidebar_layout":"default_layout","footnotes":""},"categories":[1],"tags":[],"class_list":["post-25676","post","type-post","status-publish","format-standard","has-post-thumbnail","hentry","category-destacadas"],"acf":[],"_links":{"self":[{"href":"https:\/\/vocesparalelas.com.ar\/sitio\/wp-json\/wp\/v2\/posts\/25676","targetHints":{"allow":["GET"]}}],"collection":[{"href":"https:\/\/vocesparalelas.com.ar\/sitio\/wp-json\/wp\/v2\/posts"}],"about":[{"href":"https:\/\/vocesparalelas.com.ar\/sitio\/wp-json\/wp\/v2\/types\/post"}],"author":[{"embeddable":true,"href":"https:\/\/vocesparalelas.com.ar\/sitio\/wp-json\/wp\/v2\/users\/3"}],"replies":[{"embeddable":true,"href":"https:\/\/vocesparalelas.com.ar\/sitio\/wp-json\/wp\/v2\/comments?post=25676"}],"version-history":[{"count":1,"href":"https:\/\/vocesparalelas.com.ar\/sitio\/wp-json\/wp\/v2\/posts\/25676\/revisions"}],"predecessor-version":[{"id":25679,"href":"https:\/\/vocesparalelas.com.ar\/sitio\/wp-json\/wp\/v2\/posts\/25676\/revisions\/25679"}],"wp:featuredmedia":[{"embeddable":true,"href":"https:\/\/vocesparalelas.com.ar\/sitio\/wp-json\/wp\/v2\/media\/25678"}],"wp:attachment":[{"href":"https:\/\/vocesparalelas.com.ar\/sitio\/wp-json\/wp\/v2\/media?parent=25676"}],"wp:term":[{"taxonomy":"category","embeddable":true,"href":"https:\/\/vocesparalelas.com.ar\/sitio\/wp-json\/wp\/v2\/categories?post=25676"},{"taxonomy":"post_tag","embeddable":true,"href":"https:\/\/vocesparalelas.com.ar\/sitio\/wp-json\/wp\/v2\/tags?post=25676"}],"curies":[{"name":"wp","href":"https:\/\/api.w.org\/{rel}","templated":true}]}}