{"id":25672,"date":"2019-12-12T01:14:34","date_gmt":"2019-12-12T04:14:34","guid":{"rendered":"http:\/\/vocesparalelas.com.ar\/sitio\/?p=25672"},"modified":"2019-12-12T01:14:47","modified_gmt":"2019-12-12T04:14:47","slug":"la-lic-romina-rosas-intendente-de-la-municipalidad-de-caucete","status":"publish","type":"post","link":"https:\/\/vocesparalelas.com.ar\/sitio\/la-lic-romina-rosas-intendente-de-la-municipalidad-de-caucete\/","title":{"rendered":"La Lic. Romina Rosas,\u00a0intendente de la Municipalidad de Caucete"},"content":{"rendered":"<div dir=\"auto\">\n<div dir=\"auto\"><\/div>\n<div dir=\"auto\"><\/div>\n<div dir=\"auto\">Ante a una multitud de cauceteros, asumi\u00f3 la \u00fanica intendente mujer de la Provincia de San Juan. Adem\u00e1s, tomaron juramento los nuevos integrantes del Concejo Deliberante.<\/div>\n<div dir=\"auto\"><\/div>\n<div dir=\"auto\">En sesi\u00f3n extraordinaria y acompa\u00f1ada por el nuevo gabinete municipal, asumi\u00f3 la Lic. Romina Rosas como intendente de la Municipalidad de Caucete. Adem\u00e1s, se conform\u00f3 el nuevo cuerpo legislativo del departamento, con Juan Jos\u00e9 Escobar como Presidente del organismo.<\/div>\n<div dir=\"auto\"><\/div>\n<div dir=\"auto\">Luego, de la toma de juramento, los aplausos y arenga colmaron la explanada municipal. La esperanza de las familias cauceteras se percibi\u00f3 en el ambiente. Recordemos que Romina Rosas asume la intendencia de un municipio gobernado los \u00faltimos cuatro a\u00f1os bajo un estilo que vapule\u00f3 la institucionalidad y desmereci\u00f3 la cosa p\u00fablica.<\/div>\n<div dir=\"auto\">\n<figure id=\"attachment_25674\" aria-describedby=\"caption-attachment-25674\" style=\"width: 800px\" class=\"wp-caption alignnone\"><img loading=\"lazy\" decoding=\"async\" class=\"wp-image-25674 size-full\" src=\"https:\/\/vocesparalelas.com.ar\/sitio\/wp-content\/uploads\/2019\/12\/CAUCETE-ROMINA.jpg\" alt=\"\" width=\"800\" height=\"800\" srcset=\"https:\/\/vocesparalelas.com.ar\/sitio\/wp-content\/uploads\/2019\/12\/CAUCETE-ROMINA.jpg 800w, https:\/\/vocesparalelas.com.ar\/sitio\/wp-content\/uploads\/2019\/12\/CAUCETE-ROMINA-150x150.jpg 150w, https:\/\/vocesparalelas.com.ar\/sitio\/wp-content\/uploads\/2019\/12\/CAUCETE-ROMINA-300x300.jpg 300w, https:\/\/vocesparalelas.com.ar\/sitio\/wp-content\/uploads\/2019\/12\/CAUCETE-ROMINA-768x768.jpg 768w\" sizes=\"auto, (max-width: 800px) 100vw, 800px\" \/><figcaption id=\"caption-attachment-25674\" class=\"wp-caption-text\">Intendente de la Municipalidad de Caucete, Lic. Romina Rosas<\/figcaption><\/figure>\n<\/div>\n<div dir=\"auto\"><\/div>\n<div dir=\"auto\">Los ejes del discurso de la jefa comunal se centraron en la nueva estructura del gobierno departamental y en los puntos claves de gesti\u00f3n que fijar\u00e1n lo lineamientos del nuevo gobierno.<\/div>\n<div dir=\"auto\"><\/div>\n<div dir=\"auto\">\u201cQueremos ponernos en sinton\u00eda de una provincia que creci\u00f3 enormemente a lo largo de estos a\u00f1os. Estoy hablando del gobierno de Sergio U\u00f1ac, para quien tambi\u00e9n elevamos nuestras felicitaciones\u201d, marc\u00f3 Rosas en un momento de su discurso, a la vez que resalt\u00f3 la oportunidad de ser la Capital Alternativa de San Juan para la gesti\u00f3n del Gobierno Nacional conducido por Alberto Fern\u00e1ndez. Luego, puso el acento en su gesti\u00f3n municipal.<\/div>\n<div dir=\"auto\"><\/div>\n<div dir=\"auto\">\u201cRedujimos la planta pol\u00edtica en un 30%, lo que implica un ahorro del 40%. Adem\u00e1s estamos buscando concentrar el esfuerzo en \u00e1reas que nos permitan un despegue r\u00e1pido de la situaci\u00f3n que tenemos. Entre ellas, creamos una direcci\u00f3n de desarrollo local que nos permita trabajar conjuntamente la producci\u00f3n, el comercio y el turismo para lograr el crecimiento del departamento y la mano de obra que buscamos\u201d, se\u00f1al\u00f3 la intendente.<\/div>\n<div dir=\"auto\"><\/div>\n<div dir=\"auto\">Adem\u00e1s, afirm\u00f3 que consolidar\u00e1 pol\u00edticas habitacionales de la mano del gobierno de la provincia a trav\u00e9s del IPV. Y agreg\u00f3 que \u201cVamos a trabajar mucho en la calidad institucional: crearemos un espacio que permita a los cauceteros acercar su reclamo al municipio y poder irse con una respuesta\u201d.<\/div>\n<div dir=\"auto\"><\/div>\n<div dir=\"auto\">El rol de la mujer tuvo lo suyo en el discurso de Romina Rosas, que manifest\u00f3 sentirse \u201corgullosa eternamente de todas las mujeres\u201d.<\/div>\n<div dir=\"auto\"><\/div>\n<div dir=\"auto\">\u201cPor ustedes, mujeres, que han logrado romper un mont\u00f3n de obst\u00e1culos y costumbres que no nos han permitido crecer. Hoy las mujeres podemos empoderarnos y somos capaces de hacer. Somos muchas las que podemos trabajar por nuestro departamento, las invito tambi\u00e9n\u201d, indic\u00f3.<\/div>\n<div dir=\"auto\"><\/div>\n<div dir=\"auto\">Finalmente, la jefa comunal resalt\u00f3 la necesidad de conducir al municipio por el camino del Gobierno provincial, conducido por Sergio U\u00f1ac, y la importancia de que los cauceteros recuperen el valor de su tierra.<\/div>\n<div dir=\"auto\"><\/div>\n<div dir=\"auto\">\u201cNecesitamos viviendas para los cauceteros, empleo para los cauceteros, necesitamos salud, necesitamos educaci\u00f3n, necesitamos que nuestros j\u00f3venes se sientan orgullosos de su tierra\u201d, indic\u00f3.<\/div>\n<div dir=\"auto\"><\/div>\n<div dir=\"auto\">El acto tuvo la participaci\u00f3n de cientos de cauceteros de varios distritos del, adem\u00e1s de familiares, funcionarios provinciales y departamentales, periodistas, gremios, y miembros de diversas instituciones. Asimismo, la propia Romina Rosas present\u00f3 la nueva marca de gesti\u00f3n, el jingle y video institucional, aclarando que \u201cen la nueva marca no pondr\u00e9 mi nombre\u201d.<\/div>\n<div dir=\"auto\"><\/div>\n<div dir=\"auto\"><span style=\"color: #800080;\"><strong>Concejo Deliberante de la Municipalidad de Caucete<\/strong><\/span><\/div>\n<div dir=\"auto\"><\/div>\n<div dir=\"auto\">El Concejo Deliberante mantiene los dos bloques con cuatro concejales por el Frente de Todos y tres por el Frente Con Vos.<\/div>\n<ul>\n<li dir=\"auto\">Presidente: Juan Jos\u00e9 Escobar Far\u00edas (Bloque Frente de Todos)<\/li>\n<li dir=\"auto\">Secretario Legislativo: Fernando Rafael Pastor (Bloque Frente de Todos)<\/li>\n<li dir=\"auto\">Vicepresidente Primero: Bibiana Evangelina Mitre (Bloque Frente de Todos)<\/li>\n<li dir=\"auto\">Vicepresidente Segundo: Miguel Caselles (Bloque Frente Con Vos)<\/li>\n<li dir=\"auto\">Emilio Escudero (Presidente Bloque Frente de Todos)<\/li>\n<li dir=\"auto\">Paola Cepeda (Bloque Frente Con Vos)<\/li>\n<li dir=\"auto\">Emanuel Castro (Bloque Frente Con Vos)<\/li>\n<li dir=\"auto\">Secretario Administrativo: Alfredo Albarrac\u00edn<\/li>\n<li dir=\"auto\">Secretaria de Bloque: Elizabeth Dur\u00e1n<\/li>\n<\/ul>\n<\/div>\n","protected":false},"excerpt":{"rendered":"<p>Ante a una multitud de cauceteros, asumi\u00f3 la \u00fanica intendente mujer de la Provincia de San Juan. Adem\u00e1s, tomaron juramento<\/p>\n","protected":false},"author":3,"featured_media":25673,"comment_status":"closed","ping_status":"closed","sticky":false,"template":"","format":"standard","meta":{"_acf_changed":false,"_seopress_robots_primary_cat":"","_seopress_titles_title":"","_seopress_titles_desc":"","_seopress_robots_index":"","colormag_page_container_layout":"default_layout","colormag_page_sidebar_layout":"default_layout","footnotes":""},"categories":[1],"tags":[],"class_list":["post-25672","post","type-post","status-publish","format-standard","has-post-thumbnail","hentry","category-destacadas"],"acf":[],"_links":{"self":[{"href":"https:\/\/vocesparalelas.com.ar\/sitio\/wp-json\/wp\/v2\/posts\/25672","targetHints":{"allow":["GET"]}}],"collection":[{"href":"https:\/\/vocesparalelas.com.ar\/sitio\/wp-json\/wp\/v2\/posts"}],"about":[{"href":"https:\/\/vocesparalelas.com.ar\/sitio\/wp-json\/wp\/v2\/types\/post"}],"author":[{"embeddable":true,"href":"https:\/\/vocesparalelas.com.ar\/sitio\/wp-json\/wp\/v2\/users\/3"}],"replies":[{"embeddable":true,"href":"https:\/\/vocesparalelas.com.ar\/sitio\/wp-json\/wp\/v2\/comments?post=25672"}],"version-history":[{"count":1,"href":"https:\/\/vocesparalelas.com.ar\/sitio\/wp-json\/wp\/v2\/posts\/25672\/revisions"}],"predecessor-version":[{"id":25675,"href":"https:\/\/vocesparalelas.com.ar\/sitio\/wp-json\/wp\/v2\/posts\/25672\/revisions\/25675"}],"wp:featuredmedia":[{"embeddable":true,"href":"https:\/\/vocesparalelas.com.ar\/sitio\/wp-json\/wp\/v2\/media\/25673"}],"wp:attachment":[{"href":"https:\/\/vocesparalelas.com.ar\/sitio\/wp-json\/wp\/v2\/media?parent=25672"}],"wp:term":[{"taxonomy":"category","embeddable":true,"href":"https:\/\/vocesparalelas.com.ar\/sitio\/wp-json\/wp\/v2\/categories?post=25672"},{"taxonomy":"post_tag","embeddable":true,"href":"https:\/\/vocesparalelas.com.ar\/sitio\/wp-json\/wp\/v2\/tags?post=25672"}],"curies":[{"name":"wp","href":"https:\/\/api.w.org\/{rel}","templated":true}]}}