{"id":25650,"date":"2019-12-10T21:36:42","date_gmt":"2019-12-11T00:36:42","guid":{"rendered":"http:\/\/vocesparalelas.com.ar\/sitio\/?p=25650"},"modified":"2019-12-10T21:36:42","modified_gmt":"2019-12-11T00:36:42","slug":"los-nuevos-funcionarios-de-la-municipalidad-de-la-ciudad-capital","status":"publish","type":"post","link":"https:\/\/vocesparalelas.com.ar\/sitio\/los-nuevos-funcionarios-de-la-municipalidad-de-la-ciudad-capital\/","title":{"rendered":"Los nuevos funcionarios de la Municipalidad de la Ciudad Capital"},"content":{"rendered":"<p class=\"rtecenter\">El jefe de Gabinete y los cinco secretarios prestaron juramento al cargo, con el recordatorio por parte del intendente de que deber\u00e1n ponerse al servicio del ciudadano desde el primer d\u00eda.<\/p>\n<p>Tras asumir su cargo, el Dr. Emilio Baistrocchi se dirigi\u00f3 al Cine Teatro Municipal a poner en funciones a su equipo de colaboradores.<\/p>\n<p>El intendente les tom\u00f3 juramento al jefe de Gabinete y los cinco secretarios que integrar\u00e1n su equipo de trabajo directo.<\/p>\n<p>El jefe comunal ya hab\u00eda manifestado en numerosas ocasiones y lo repiti\u00f3 este 10 de diciembre, que la suya ser\u00e1 una gesti\u00f3n que pondr\u00e1 al vecino por delante de las pol\u00edticas p\u00fablicas construidas en conjunto.<\/p>\n<p>De lo conversado en las recorridas de campa\u00f1a, foros de participaci\u00f3n y dem\u00e1s reclamos surgieron las principales ideas del Plan de Metas; que deber\u00e1n encarnar ahora los nuevos funcionarios.<\/p>\n<p><span style=\"color: #008000;\"><strong>El Gabinete Municipal<\/strong><\/span><\/p>\n<p>El nuevo Coordinador de Gabinete es<span style=\"color: #008000;\"><strong> Sergio Mordacci<\/strong><\/span>. Tiene 55 a\u00f1os y es Licenciado en Ciencias Pol\u00edticas, con un doctorado en curso en Administraci\u00f3n y Pol\u00edtica P\u00fablica, en la Universidad Nacional de C\u00f3rdoba. Adem\u00e1s, es docente titular en el Departamento de Ciencias Pol\u00edticas en la Facultad de Ciencias Sociales de la Universidad Nacional de San Juan. Tiene m\u00e1s de 20 a\u00f1os de profesi\u00f3n, vinculado a la formaci\u00f3n,\u00a0 entrenamiento y asesoramiento de funcionarios de organizaciones p\u00fablicas y privadas.<\/p>\n<p>A Mordacci lo acompa\u00f1an <span style=\"color: #008000;\"><strong>Enrique Daneri<\/strong> <\/span>en la Auditor\u00eda General, <span style=\"color: #008000;\"><strong>Patricio Gonz\u00e1lez<\/strong><\/span> en la en la Fiscal\u00eda Adjunta, <span style=\"color: #008000;\"><strong>Ana Daneri<\/strong><\/span> en la Direcci\u00f3n Legal y T\u00e9cnica,\u00a0 <span style=\"color: #008000;\"><strong>Carina Herrera<\/strong> <\/span>en la Direcci\u00f3n de Ceremonial y Protocolo y <span style=\"color: #008000;\"><strong>Mar\u00eda Eugenia Putelli<\/strong> <\/span>en la Direcci\u00f3n de Comunicaci\u00f3n Institucional.<\/p>\n<p><span style=\"color: #008000;\"><strong>Julio El\u00edas Quattropani<\/strong> <\/span>est\u00e1 a cargo de la Subsecretar\u00eda de Modernizaci\u00f3n, <span style=\"color: #008000;\"><strong>Fernando Dohmen<\/strong><\/span> en la Direcci\u00f3n de Innovaci\u00f3n Tecnol\u00f3gica y <span style=\"color: #008000;\"><strong>Marcelo Gil<\/strong><\/span> en la Direcci\u00f3n de Ciudad Digital.<\/p>\n<p>El nuevo Secretario de Gobierno es <span style=\"color: #008000;\"><strong>Horacio Lucero.<\/strong><\/span> Es abogado egresado de la Universidad Cat\u00f3lica de Cuyo donde tambi\u00e9n es docente. Continu\u00f3 su formaci\u00f3n en Derecho Civil, Procesal y Administrativo con diversos cursos y capacitaciones. Tiene 43 a\u00f1os y pertenece a la agrupaci\u00f3n de abogados justicialistas. Se desempe\u00f1\u00f3 como jefe de Asesores de Educaci\u00f3n y fue director de Investigaciones de la Subsecretaria de Inspecci\u00f3n y Control de la Seguridad P\u00fablica del Ministerio de Gobierno.<\/p>\n<p>El \u00e1rea de Lucero tiene a <span style=\"color: #008000;\"><strong>Rogelio Cerdera<\/strong> <\/span>en la Direcci\u00f3n de Inspecciones Municipales, <span style=\"color: #008000;\"><strong>Alejandra Bueno<\/strong> <\/span>en la Direcci\u00f3n de Comunidades, <span style=\"color: #008000;\"><strong>Guillermo Toranzo<\/strong><\/span> en la Direcci\u00f3n de Desarrollo Humano, <span style=\"color: #008000;\"><strong>Julio Nacif<\/strong><\/span> en la Direcci\u00f3n de Salud Municipal, <strong><span style=\"color: #008000;\">Mart\u00edn Vega<\/span><\/strong> en la Direcci\u00f3n de Seguridad, <span style=\"color: #008000;\"><strong>Mart\u00edn Mallea<\/strong> <\/span>en la Direcci\u00f3n de Empleo y Desarrollo Productivo, <span style=\"color: #008000;\"><strong>Roberto<\/strong><strong> Roldan<\/strong> <\/span>en la Direcci\u00f3n de Deportes y <span style=\"color: #008000;\"><strong>Roberto Albarrac\u00edn<\/strong><\/span> en la Direcci\u00f3n de Recursos Humanos.<\/p>\n<p>El Secretario de Hacienda es el <span style=\"color: #008000;\"><strong>CPN<\/strong><\/span>\u00a0<span style=\"color: #008000;\"><strong>Sebasti\u00e1n Pacheco,<\/strong><\/span> egresado de la Universidad Nacional de C\u00f3rdoba. Tiene 44 a\u00f1os y trabaj\u00f3 en diversas empresas como analista de costos y luego abraz\u00f3 la vida pol\u00edtica. \u00a0Fue Subjefe de asesores del Ministro de Producci\u00f3n y Director de Industria y Comercio. En el Ministerio de Gobierno estuvo a cargo del control de efectivos de la fuerza policial y m\u00e1s recientemente, subdirector de Transporte.<\/p>\n<p>En la Contadur\u00eda General est\u00e1 <span style=\"color: #008000;\"><strong>Guillermo Fern\u00e1ndez<\/strong> <\/span>y en la Tesorer\u00eda General, <span style=\"color: #008000;\"><strong>Marcelo Vera<\/strong><\/span>. La Direcci\u00f3n de Finanzas qued\u00f3 a cargo de <span style=\"color: #008000;\"><strong>Gabriela Lueje<\/strong><\/span> y la Direcci\u00f3n de Compras, para <span style=\"color: #008000;\"><strong>Luciana Campus<\/strong><\/span>. En la Direcci\u00f3n de Rentas el responsable es <span style=\"color: #008000;\"><strong>Federico Ortiz.<\/strong><\/span><\/p>\n<p>El Secretario de Planificaci\u00f3n Urbana es el Arq.\u00a0<span style=\"color: #008000;\"><strong>Paul C\u00e1rdenas,<\/strong> <\/span>egresado de la Facultad de Arquitectura, Urbanismo y Dise\u00f1o de la Universidad Nacional de C\u00f3rdoba. Actualmente es Maestrando en Gesti\u00f3n y Desarrollo Habitacional. Tuvo diversas experiencias como docente en la Facultad de Arquitectura, Urbanismo y Dise\u00f1o de la UNSJ y en la Universidad Alas Peruanas.<\/p>\n<p>En el \u00e1mbito privado fue Co -Fundador de \u201cC\u00e1rdenas Arquitectos\u201d y del grupo \u201cHacer Hogar\u201d.<\/p>\n<p>En el \u00e1mbito p\u00fablico se desempe\u00f1\u00f3 desde 2016 a la actualidad como responsable del \u00c1rea Planificaci\u00f3n y Proyectos en la Subsecretar\u00eda de Tr\u00e1nsito y Transporte, encargado del dise\u00f1o de redes de transporte p\u00fablico, sobre criterios de movilidad urbana sustentable.<\/p>\n<p>A C\u00e1rdenas lo acompa\u00f1a <span style=\"color: #008000;\"><strong>Miguel Di Pane<\/strong><\/span> en la Direcci\u00f3n de Planeamiento, <span style=\"color: #008000;\"><strong>Cristian Hern\u00e1ndez<\/strong> <\/span>en la Direcci\u00f3n de Obras y <span style=\"color: #008000;\"><strong>Luis Gonz\u00e1lez<\/strong> <\/span>en la Direcci\u00f3n de Movilidad Urbana.<\/p>\n<p>El nuevo Secretario de Ambiente y Servicios es <span style=\"color: #008000;\"><strong>Javier Rodr\u00edguez.<\/strong><\/span> Tiene 44 a\u00f1os y es abogado con un posgrado en Derecho Procesal Civil. En la funci\u00f3n p\u00fablica fue Asesor en Planes Sociales del Ministerio de Desarrollo Humano y Promoci\u00f3n Social, Director de Programas Especiales desde 2007 a 2010, Director del Plan Provincial de Becas entre 2008 a 2010, coordinador de Prestaciones Sociales, director de Asistencia Directa, subsecretario de Asistencia Social de 2011 a 2015, subsecretario de Asistencia Directa de 2015 a 2019.<\/p>\n<p>En su equipo de trabajo figura <span style=\"color: #008000;\"><strong>Carlos Lambrechts<\/strong> <\/span>en la Direcci\u00f3n de Servicios, <span style=\"color: #008000;\"><strong>Maximiliano Suarez<\/strong> <\/span>en la Direcci\u00f3n de Ambiente, <strong><span style=\"color: #008000;\">Claudio Acosta<\/span><\/strong> en la Direcci\u00f3n de Emergencia Municipal.<\/p>\n<p>En la Subsecretar\u00eda de Empresas Municipales est\u00e1 <span style=\"color: #008000;\"><strong>Rolando Gattoni<\/strong><\/span>, Diego P\u00e1ez en la Direcci\u00f3n de Dep\u00f3sito General, <span style=\"color: #008000;\"><strong>Alejandro Barbano<\/strong><\/span> en la Direcci\u00f3n de Feria y Mercado de Abasto, <span style=\"color: #008000;\"><strong>Oscar Brocca<\/strong><\/span> en la Direcci\u00f3n de Cementerio, <strong><span style=\"color: #008000;\">Alejandro Ruffa<\/span> <\/strong>en la Direcci\u00f3n de Servicios F\u00fanebres y en la Direcci\u00f3n del ECO segue\u00a0<span style=\"color: #008000;\"><strong>Dar\u00edo Molina.<\/strong><\/span><\/p>\n<p>La Secretaria de Turismo es <span style=\"color: #008000;\"><strong>Sandra Barcel\u00f3.<\/strong> <\/span>Es contadora p\u00fablica nacional, egresada de la Universidad Cat\u00f3lica de Cuyo. Se desempe\u00f1\u00f3 como Secretaria de Industria, Comercio y Servicios en el Ministerio de Producci\u00f3n desde 2008 a la fecha. Est\u00e1 acompa\u00f1ada de <span style=\"color: #008000;\"><strong>Gabriel Pe\u00f1afort<\/strong> <\/span>en la Direcci\u00f3n de Cultura y Educaci\u00f3n y <strong><span style=\"color: #008000;\">Mariano Graffigna<\/span><\/strong> en la direcci\u00f3n de Turismo.<\/p>\n<p>&nbsp;<\/p>\n","protected":false},"excerpt":{"rendered":"<p>El jefe de Gabinete y los cinco secretarios prestaron juramento al cargo, con el recordatorio por parte del intendente de<\/p>\n","protected":false},"author":3,"featured_media":25651,"comment_status":"closed","ping_status":"closed","sticky":false,"template":"","format":"standard","meta":{"_acf_changed":false,"_seopress_robots_primary_cat":"","_seopress_titles_title":"","_seopress_titles_desc":"","_seopress_robots_index":"","colormag_page_container_layout":"default_layout","colormag_page_sidebar_layout":"default_layout","footnotes":""},"categories":[1],"tags":[],"class_list":["post-25650","post","type-post","status-publish","format-standard","has-post-thumbnail","hentry","category-destacadas"],"acf":[],"_links":{"self":[{"href":"https:\/\/vocesparalelas.com.ar\/sitio\/wp-json\/wp\/v2\/posts\/25650","targetHints":{"allow":["GET"]}}],"collection":[{"href":"https:\/\/vocesparalelas.com.ar\/sitio\/wp-json\/wp\/v2\/posts"}],"about":[{"href":"https:\/\/vocesparalelas.com.ar\/sitio\/wp-json\/wp\/v2\/types\/post"}],"author":[{"embeddable":true,"href":"https:\/\/vocesparalelas.com.ar\/sitio\/wp-json\/wp\/v2\/users\/3"}],"replies":[{"embeddable":true,"href":"https:\/\/vocesparalelas.com.ar\/sitio\/wp-json\/wp\/v2\/comments?post=25650"}],"version-history":[{"count":1,"href":"https:\/\/vocesparalelas.com.ar\/sitio\/wp-json\/wp\/v2\/posts\/25650\/revisions"}],"predecessor-version":[{"id":25652,"href":"https:\/\/vocesparalelas.com.ar\/sitio\/wp-json\/wp\/v2\/posts\/25650\/revisions\/25652"}],"wp:featuredmedia":[{"embeddable":true,"href":"https:\/\/vocesparalelas.com.ar\/sitio\/wp-json\/wp\/v2\/media\/25651"}],"wp:attachment":[{"href":"https:\/\/vocesparalelas.com.ar\/sitio\/wp-json\/wp\/v2\/media?parent=25650"}],"wp:term":[{"taxonomy":"category","embeddable":true,"href":"https:\/\/vocesparalelas.com.ar\/sitio\/wp-json\/wp\/v2\/categories?post=25650"},{"taxonomy":"post_tag","embeddable":true,"href":"https:\/\/vocesparalelas.com.ar\/sitio\/wp-json\/wp\/v2\/tags?post=25650"}],"curies":[{"name":"wp","href":"https:\/\/api.w.org\/{rel}","templated":true}]}}