{"id":25593,"date":"2019-12-11T22:28:39","date_gmt":"2019-12-12T01:28:39","guid":{"rendered":"http:\/\/vocesparalelas.com.ar\/sitio\/?p=25593"},"modified":"2019-12-12T02:05:20","modified_gmt":"2019-12-12T05:05:20","slug":"hacia-el-mundial-universitario-de-futsal-san-juan-2024","status":"publish","type":"post","link":"https:\/\/vocesparalelas.com.ar\/sitio\/hacia-el-mundial-universitario-de-futsal-san-juan-2024\/","title":{"rendered":"Hacia el Mundial Universitario de Futsal \u201cSan Juan 2024\u201d"},"content":{"rendered":"<p>El secretario de Bienestar Universitario de la Universidad Nacional de San Juan y actualmente vocal de la Federaci\u00f3n Universitaria del Deporte Argentino &#8211; FeDUA -, Ing. Alfredo Daroni, confirm\u00f3 que el Mundial Universitario de Futsal 2024 ser\u00e1 en San Juan. El funcionario de esta Universidad hab\u00eda sido parte de la delegaci\u00f3n que recientemente viaj\u00f3 a la sede central de la Federaci\u00f3n Internacional de Deporte Universitario &#8211; FISU -, en Lausanne, Suiza, a presentar la candidatura de esta provincia. En las \u00faltimas horas lleg\u00f3 la buena noticia desde el Viejo Mundo y San Juan tendr\u00e1 su mundial masculino y femenino en cuatro a\u00f1os m\u00e1s.<\/p>\n<p>El Mundial Universitario de Futsal \u201cSan Juan 2024\u201d cuenta con un fuerte apoyo del rector de la Universidad Nacional de San Juan, Oscar Nasisi y el Gobernador de San Juan, Sergio U\u00f1ac, que viene apostando fuertemente al deporte en la provincia. En principio, el torneo utilizar\u00eda dos estadios: el \u201cAldo Cantoni\u201d, donde se jug\u00f3 la Copa Am\u00e9rica de Futsal 2017, y el estadio \u201cCentro Cultural y Deportivo Bodega La Superiora\u201d.<\/p>\n<p>Adem\u00e1s del mundial de Futsal, en Argentina se realizar\u00e1 el Mundial Universitario de Rugby Sevens \u201cLa Plata 2020\u201d y el Pentathlon Moderno \u201cBuenos Aires 2022\u201d. El sitio Web de la FeDUA reproduce palabras de Emiliano Ojea, presidente de esa instituci\u00f3n: \u201cEl mundial de Futsal es el m\u00e1s relevante de los 31 campeonatos que organiza la FISU desde 1963, y nos confi\u00f3 esta enorme responsabilidad\u201d. Ojea tambi\u00e9n expres\u00f3 que en 2020, 2022 y 2024 \u201cestaremos recibiendo visitantes de m\u00e1s de 50 pa\u00edses de todo el mundo. El deporte universitario ser\u00e1 una vidriera y ya estamos trabajando para mostrarle al mundo lo que somos capaces\u201d.<\/p>\n<p><img loading=\"lazy\" decoding=\"async\" class=\"alignnone wp-image-22486 size-large\" src=\"https:\/\/vocesparalelas.com.ar\/sitio\/wp-content\/uploads\/2019\/07\/UNSJ-LOGO-10-800x534.jpg\" alt=\"\" width=\"800\" height=\"534\" srcset=\"https:\/\/vocesparalelas.com.ar\/sitio\/wp-content\/uploads\/2019\/07\/UNSJ-LOGO-10-800x534.jpg 800w, https:\/\/vocesparalelas.com.ar\/sitio\/wp-content\/uploads\/2019\/07\/UNSJ-LOGO-10-300x200.jpg 300w, https:\/\/vocesparalelas.com.ar\/sitio\/wp-content\/uploads\/2019\/07\/UNSJ-LOGO-10-768x512.jpg 768w, https:\/\/vocesparalelas.com.ar\/sitio\/wp-content\/uploads\/2019\/07\/UNSJ-LOGO-10.jpg 1000w\" sizes=\"auto, (max-width: 800px) 100vw, 800px\" \/><\/p>\n<p>&nbsp;<\/p>\n<p>&nbsp;<\/p>\n","protected":false},"excerpt":{"rendered":"<p>El secretario de Bienestar Universitario de la Universidad Nacional de San Juan y actualmente vocal de la Federaci\u00f3n Universitaria del<\/p>\n","protected":false},"author":3,"featured_media":25594,"comment_status":"closed","ping_status":"closed","sticky":false,"template":"","format":"standard","meta":{"_acf_changed":false,"_seopress_robots_primary_cat":"","_seopress_titles_title":"","_seopress_titles_desc":"","_seopress_robots_index":"","colormag_page_container_layout":"default_layout","colormag_page_sidebar_layout":"default_layout","footnotes":""},"categories":[1],"tags":[],"class_list":["post-25593","post","type-post","status-publish","format-standard","has-post-thumbnail","hentry","category-destacadas"],"acf":[],"_links":{"self":[{"href":"https:\/\/vocesparalelas.com.ar\/sitio\/wp-json\/wp\/v2\/posts\/25593","targetHints":{"allow":["GET"]}}],"collection":[{"href":"https:\/\/vocesparalelas.com.ar\/sitio\/wp-json\/wp\/v2\/posts"}],"about":[{"href":"https:\/\/vocesparalelas.com.ar\/sitio\/wp-json\/wp\/v2\/types\/post"}],"author":[{"embeddable":true,"href":"https:\/\/vocesparalelas.com.ar\/sitio\/wp-json\/wp\/v2\/users\/3"}],"replies":[{"embeddable":true,"href":"https:\/\/vocesparalelas.com.ar\/sitio\/wp-json\/wp\/v2\/comments?post=25593"}],"version-history":[{"count":1,"href":"https:\/\/vocesparalelas.com.ar\/sitio\/wp-json\/wp\/v2\/posts\/25593\/revisions"}],"predecessor-version":[{"id":25595,"href":"https:\/\/vocesparalelas.com.ar\/sitio\/wp-json\/wp\/v2\/posts\/25593\/revisions\/25595"}],"wp:featuredmedia":[{"embeddable":true,"href":"https:\/\/vocesparalelas.com.ar\/sitio\/wp-json\/wp\/v2\/media\/25594"}],"wp:attachment":[{"href":"https:\/\/vocesparalelas.com.ar\/sitio\/wp-json\/wp\/v2\/media?parent=25593"}],"wp:term":[{"taxonomy":"category","embeddable":true,"href":"https:\/\/vocesparalelas.com.ar\/sitio\/wp-json\/wp\/v2\/categories?post=25593"},{"taxonomy":"post_tag","embeddable":true,"href":"https:\/\/vocesparalelas.com.ar\/sitio\/wp-json\/wp\/v2\/tags?post=25593"}],"curies":[{"name":"wp","href":"https:\/\/api.w.org\/{rel}","templated":true}]}}