{"id":25003,"date":"2021-05-04T14:00:19","date_gmt":"2021-05-04T17:00:19","guid":{"rendered":"http:\/\/vocesparalelas.com.ar\/sitio\/?p=25003"},"modified":"2021-05-05T00:59:49","modified_gmt":"2021-05-05T03:59:49","slug":"agenda-catolica-2","status":"publish","type":"post","link":"https:\/\/vocesparalelas.com.ar\/sitio\/agenda-catolica-2\/","title":{"rendered":"Agenda Cat\u00f3lica"},"content":{"rendered":"<p>El Arzobispado de San Juan de Cuyo informa la Agenda Cat\u00f3lica para esta semana.<\/p>\n<div dir=\"auto\"><\/div>\n<ol>\n<li>Iglesia Catedral San Juan Bautista te invita a consagrarte a San Jos\u00e9. En este mes de mayo se recibir\u00e1n diversas propuestas para preparar el coraz\u00f3n. Interesados mandar whatsapp con la frase VIVA SAN JOS\u00c9 tu nombre y apellido al 264 414 2801 y al 264 414 2393.<\/li>\n<li>Seminario Virtual sobre San Jos\u00e9. Con motivo del 150 aniversario de la declaraci\u00f3n de San Jos\u00e9 como Patrono de la Iglesia Universal se realizar\u00e1 este encuentro virtual por ZOOM el 14 de Mayo a partir de las 19 horas el primer m\u00f3dulo a cargo del padre Fabricio Pons, y a las 20 horas el segundo m\u00f3dulo desarrollado por el padre V\u00edctor Hugo Gallardo. ID de reuni\u00f3n: 850 4568\u00a0 5394. C\u00f3digo de Acceso: 950229<\/li>\n<li>\u00bfEmbarazada? NO ESTAS SOLA. Gr\u00e1vida es un servicio voluntario de Ayuda a la Vida Naciente y a la Maternidad que cuida de la vida del beb\u00e9 por nacer ofreciendo acompa\u00f1amiento y orientaci\u00f3n a la embarazada en dificultad y de este modo evitar el aborto. Consultas 264- 477-0962<\/li>\n<\/ol>\n<p>&nbsp;<\/p>\n","protected":false},"excerpt":{"rendered":"<p>El Arzobispado de San Juan de Cuyo informa la Agenda Cat\u00f3lica para esta semana. Iglesia Catedral San Juan Bautista te<\/p>\n","protected":false},"author":3,"featured_media":19256,"comment_status":"closed","ping_status":"closed","sticky":false,"template":"","format":"standard","meta":{"_acf_changed":false,"_seopress_robots_primary_cat":"none","_seopress_titles_title":"","_seopress_titles_desc":"","_seopress_robots_index":"","colormag_page_container_layout":"default_layout","colormag_page_sidebar_layout":"default_layout","footnotes":""},"categories":[20],"tags":[],"class_list":["post-25003","post","type-post","status-publish","format-standard","has-post-thumbnail","hentry","category-cartelera"],"acf":[],"_links":{"self":[{"href":"https:\/\/vocesparalelas.com.ar\/sitio\/wp-json\/wp\/v2\/posts\/25003","targetHints":{"allow":["GET"]}}],"collection":[{"href":"https:\/\/vocesparalelas.com.ar\/sitio\/wp-json\/wp\/v2\/posts"}],"about":[{"href":"https:\/\/vocesparalelas.com.ar\/sitio\/wp-json\/wp\/v2\/types\/post"}],"author":[{"embeddable":true,"href":"https:\/\/vocesparalelas.com.ar\/sitio\/wp-json\/wp\/v2\/users\/3"}],"replies":[{"embeddable":true,"href":"https:\/\/vocesparalelas.com.ar\/sitio\/wp-json\/wp\/v2\/comments?post=25003"}],"version-history":[{"count":23,"href":"https:\/\/vocesparalelas.com.ar\/sitio\/wp-json\/wp\/v2\/posts\/25003\/revisions"}],"predecessor-version":[{"id":37482,"href":"https:\/\/vocesparalelas.com.ar\/sitio\/wp-json\/wp\/v2\/posts\/25003\/revisions\/37482"}],"wp:featuredmedia":[{"embeddable":true,"href":"https:\/\/vocesparalelas.com.ar\/sitio\/wp-json\/wp\/v2\/media\/19256"}],"wp:attachment":[{"href":"https:\/\/vocesparalelas.com.ar\/sitio\/wp-json\/wp\/v2\/media?parent=25003"}],"wp:term":[{"taxonomy":"category","embeddable":true,"href":"https:\/\/vocesparalelas.com.ar\/sitio\/wp-json\/wp\/v2\/categories?post=25003"},{"taxonomy":"post_tag","embeddable":true,"href":"https:\/\/vocesparalelas.com.ar\/sitio\/wp-json\/wp\/v2\/tags?post=25003"}],"curies":[{"name":"wp","href":"https:\/\/api.w.org\/{rel}","templated":true}]}}