{"id":24803,"date":"2019-10-30T21:54:24","date_gmt":"2019-10-31T00:54:24","guid":{"rendered":"http:\/\/vocesparalelas.com.ar\/sitio\/?p=24803"},"modified":"2019-10-30T21:54:24","modified_gmt":"2019-10-31T00:54:24","slug":"los-juegos-universitarios-regionales-jur-en-san-juan","status":"publish","type":"post","link":"https:\/\/vocesparalelas.com.ar\/sitio\/los-juegos-universitarios-regionales-jur-en-san-juan\/","title":{"rendered":"Los Juegos Universitarios Regionales &#8211; JUR &#8211; en San Juan"},"content":{"rendered":"<p>Se desarrollan en San Juan los Juegos Universitarios Regionales &#8211; JUR \u2013 que es una competencia que tiene como objetivo impulsar el deporte universitario en todas las regiones del pa\u00eds, promover la auto superaci\u00f3n individual y colectiva en un marco respetuoso, cordial y amistoso y fortalecer los lazos de uni\u00f3n y compa\u00f1erismo entre pares.<\/p>\n<p>En la Previa Voces Paralelas entrevist\u00f3 al el gobernador Dr. Sergio U\u00f1ac, quien realiz\u00f3 un recorrido por esta propuesta deportiva Universitaria.<\/p>\n<p><iframe loading=\"lazy\" title=\"UNSJ JUR 2019\" width=\"800\" height=\"450\" src=\"https:\/\/www.youtube.com\/embed\/xQv1oXHS-XA?feature=oembed\" frameborder=\"0\" allow=\"accelerometer; autoplay; encrypted-media; gyroscope; picture-in-picture\" allowfullscreen><\/iframe><\/p>\n<p>Luego, entrevist\u00f3 al Diputado Nacional y vicepresidente de la Comisi\u00f3n de Deportes, Dr. Facundo Moyano, quien resalt\u00f3 el trabajo deportivo de San Juan.<\/p>\n<p><iframe loading=\"lazy\" title=\"UNSJ JUR\" width=\"800\" height=\"450\" src=\"https:\/\/www.youtube.com\/embed\/oEMasGGsY2Y?feature=oembed\" frameborder=\"0\" allow=\"accelerometer; autoplay; encrypted-media; gyroscope; picture-in-picture\" allowfullscreen><\/iframe><\/p>\n<p>Participaron de la ceremonia en el gimnasio cubierto Ambrosini, en el Complejo Deportivo \u201cEl Palomar\u201d, de la Universidad Nacional de San Juan, el gobernador Dr. Sergio U\u00f1ac adem\u00e1s, la vicerrectora de la UNSJ, Esp. M\u00f3nica Coca; el subsecretario de Deportes\u00a0 Federados y Alto Rendimiento, Alberto Naveda; el diputado nacional y vicepresidente de la Comisi\u00f3n de Deportes, Dr. Facundo Moyano; el secretario de Bienestar Universitario, Ing. Alfredo Daroni; el presidente del Comit\u00e9 T\u00e9cnico del Deporte Universitario Argentino del CIN, Lic. Nicol\u00e1s Mellino; el presidente de la Federaci\u00f3n del Deporte Universitario Argentino &#8211; FeDUA -, Lic. Emiliano Ojeda; decanos y autoridades de la UNSJ, presidentes de federaciones deportivas y delegaciones de las universidades participantes.<\/p>\n<p><img loading=\"lazy\" decoding=\"async\" class=\"alignnone wp-image-24807 size-full\" src=\"https:\/\/vocesparalelas.com.ar\/sitio\/wp-content\/uploads\/2019\/10\/JUR-09.jpg\" alt=\"\" width=\"800\" height=\"533\" srcset=\"https:\/\/vocesparalelas.com.ar\/sitio\/wp-content\/uploads\/2019\/10\/JUR-09.jpg 800w, https:\/\/vocesparalelas.com.ar\/sitio\/wp-content\/uploads\/2019\/10\/JUR-09-300x200.jpg 300w, https:\/\/vocesparalelas.com.ar\/sitio\/wp-content\/uploads\/2019\/10\/JUR-09-768x512.jpg 768w\" sizes=\"auto, (max-width: 800px) 100vw, 800px\" \/><\/p>\n<p><img loading=\"lazy\" decoding=\"async\" class=\"alignnone wp-image-24805 size-full\" src=\"https:\/\/vocesparalelas.com.ar\/sitio\/wp-content\/uploads\/2019\/10\/JUR-07.jpg\" alt=\"\" width=\"800\" height=\"533\" srcset=\"https:\/\/vocesparalelas.com.ar\/sitio\/wp-content\/uploads\/2019\/10\/JUR-07.jpg 800w, https:\/\/vocesparalelas.com.ar\/sitio\/wp-content\/uploads\/2019\/10\/JUR-07-300x200.jpg 300w, https:\/\/vocesparalelas.com.ar\/sitio\/wp-content\/uploads\/2019\/10\/JUR-07-768x512.jpg 768w\" sizes=\"auto, (max-width: 800px) 100vw, 800px\" \/><\/p>\n<p>La ceremonia comenz\u00f3 con la participaci\u00f3n del Coro Universitario que cantaron el Himno de Alegr\u00eda y otra bajo el maestro Romero.<\/p>\n<p><img loading=\"lazy\" decoding=\"async\" class=\"alignnone wp-image-24802 size-full\" src=\"https:\/\/vocesparalelas.com.ar\/sitio\/wp-content\/uploads\/2019\/10\/JUR-05.jpg\" alt=\"\" width=\"800\" height=\"533\" srcset=\"https:\/\/vocesparalelas.com.ar\/sitio\/wp-content\/uploads\/2019\/10\/JUR-05.jpg 800w, https:\/\/vocesparalelas.com.ar\/sitio\/wp-content\/uploads\/2019\/10\/JUR-05-300x200.jpg 300w, https:\/\/vocesparalelas.com.ar\/sitio\/wp-content\/uploads\/2019\/10\/JUR-05-768x512.jpg 768w\" sizes=\"auto, (max-width: 800px) 100vw, 800px\" \/><\/p>\n<p><iframe loading=\"lazy\" title=\"UNSJ JUR 2019\" width=\"800\" height=\"450\" src=\"https:\/\/www.youtube.com\/embed\/QZA9JTlY3Z4?feature=oembed\" frameborder=\"0\" allow=\"accelerometer; autoplay; encrypted-media; gyroscope; picture-in-picture\" allowfullscreen><\/iframe><\/p>\n<p>&nbsp;<\/p>\n<p>Luego, hizo la entrada de la Bandera Argentina portada por los mejores deportistas universitarios para entonar el Himno Nacional Argentino.<\/p>\n<p><img loading=\"lazy\" decoding=\"async\" class=\"alignnone wp-image-24801 size-full\" src=\"https:\/\/vocesparalelas.com.ar\/sitio\/wp-content\/uploads\/2019\/10\/JUR-04.jpg\" alt=\"\" width=\"800\" height=\"533\" srcset=\"https:\/\/vocesparalelas.com.ar\/sitio\/wp-content\/uploads\/2019\/10\/JUR-04.jpg 800w, https:\/\/vocesparalelas.com.ar\/sitio\/wp-content\/uploads\/2019\/10\/JUR-04-300x200.jpg 300w, https:\/\/vocesparalelas.com.ar\/sitio\/wp-content\/uploads\/2019\/10\/JUR-04-768x512.jpg 768w\" sizes=\"auto, (max-width: 800px) 100vw, 800px\" \/><\/p>\n<p><iframe loading=\"lazy\" title=\"UNSJ JUR 2019\" width=\"800\" height=\"450\" src=\"https:\/\/www.youtube.com\/embed\/samo5k8csRQ?feature=oembed\" frameborder=\"0\" allow=\"accelerometer; autoplay; encrypted-media; gyroscope; picture-in-picture\" allowfullscreen><\/iframe><\/p>\n<p>Seguidamente, se entregaron plaquetas recordativas a los representantes de las delegaciones universitarias que compiten en los juegos regionales.<\/p>\n<p><img loading=\"lazy\" decoding=\"async\" class=\"alignnone wp-image-24799 size-full\" src=\"https:\/\/vocesparalelas.com.ar\/sitio\/wp-content\/uploads\/2019\/10\/JUR-01.jpg\" alt=\"\" width=\"800\" height=\"533\" srcset=\"https:\/\/vocesparalelas.com.ar\/sitio\/wp-content\/uploads\/2019\/10\/JUR-01.jpg 800w, https:\/\/vocesparalelas.com.ar\/sitio\/wp-content\/uploads\/2019\/10\/JUR-01-300x200.jpg 300w, https:\/\/vocesparalelas.com.ar\/sitio\/wp-content\/uploads\/2019\/10\/JUR-01-768x512.jpg 768w\" sizes=\"auto, (max-width: 800px) 100vw, 800px\" \/><\/p>\n<p><img loading=\"lazy\" decoding=\"async\" class=\"alignnone wp-image-24798 size-full\" src=\"https:\/\/vocesparalelas.com.ar\/sitio\/wp-content\/uploads\/2019\/10\/JUR-10.jpg\" alt=\"\" width=\"800\" height=\"533\" srcset=\"https:\/\/vocesparalelas.com.ar\/sitio\/wp-content\/uploads\/2019\/10\/JUR-10.jpg 800w, https:\/\/vocesparalelas.com.ar\/sitio\/wp-content\/uploads\/2019\/10\/JUR-10-300x200.jpg 300w, https:\/\/vocesparalelas.com.ar\/sitio\/wp-content\/uploads\/2019\/10\/JUR-10-768x512.jpg 768w\" sizes=\"auto, (max-width: 800px) 100vw, 800px\" \/><\/p>\n<p><img loading=\"lazy\" decoding=\"async\" class=\"alignnone wp-image-24800 size-full\" src=\"https:\/\/vocesparalelas.com.ar\/sitio\/wp-content\/uploads\/2019\/10\/JUR-02.jpg\" alt=\"\" width=\"800\" height=\"533\" srcset=\"https:\/\/vocesparalelas.com.ar\/sitio\/wp-content\/uploads\/2019\/10\/JUR-02.jpg 800w, https:\/\/vocesparalelas.com.ar\/sitio\/wp-content\/uploads\/2019\/10\/JUR-02-300x200.jpg 300w, https:\/\/vocesparalelas.com.ar\/sitio\/wp-content\/uploads\/2019\/10\/JUR-02-768x512.jpg 768w\" sizes=\"auto, (max-width: 800px) 100vw, 800px\" \/><\/p>\n<p>Al momento de los discursos, el secretario de Bienestar Universitario, Ing. Alfredo Daroni agradeci\u00f3 a todos por su tarea para llegar a organizar los JUR.<\/p>\n<p><iframe loading=\"lazy\" title=\"UNSJ JUR 2019\" width=\"800\" height=\"450\" src=\"https:\/\/www.youtube.com\/embed\/R2VrWpIKfi4?feature=oembed\" frameborder=\"0\" allow=\"accelerometer; autoplay; encrypted-media; gyroscope; picture-in-picture\" allowfullscreen><\/iframe><\/p>\n<p>A continuaci\u00f3n,\u00a0el presidente del Comit\u00e9 T\u00e9cnico del Deporte Universitario Argentino del CIN, Lic. Nicol\u00e1s Mellino; explic\u00f3 los inicios del JUR.<\/p>\n<p><iframe loading=\"lazy\" title=\"UNSJ JUR 2019\" width=\"800\" height=\"450\" src=\"https:\/\/www.youtube.com\/embed\/FjJbTDg1WEM?feature=oembed\" frameborder=\"0\" allow=\"accelerometer; autoplay; encrypted-media; gyroscope; picture-in-picture\" allowfullscreen><\/iframe><\/p>\n<p>&nbsp;<\/p>\n<p>Posteriormente, el presidente de la Federaci\u00f3n del Deporte Universitario Argentino (FeDUA), Lic. Emiliano Ojeda, destac\u00f3 la importancia de la promoci\u00f3n del Deporte en los estudiantes universitarios.<\/p>\n<p><iframe loading=\"lazy\" title=\"UNSJ JUR 2019\" width=\"800\" height=\"450\" src=\"https:\/\/www.youtube.com\/embed\/MojnAQ-yJ2g?feature=oembed\" frameborder=\"0\" allow=\"accelerometer; autoplay; encrypted-media; gyroscope; picture-in-picture\" allowfullscreen><\/iframe><\/p>\n<p>Finalmente, la vicerrectora de la UNSJ, Esp. M\u00f3nica Coca dio la bienvenida a todas las Delegaciones universitarias participantes.<\/p>\n<p><iframe loading=\"lazy\" title=\"UNSJ JUR 2019\" width=\"800\" height=\"450\" src=\"https:\/\/www.youtube.com\/embed\/dTF0ide7Ets?feature=oembed\" frameborder=\"0\" allow=\"accelerometer; autoplay; encrypted-media; gyroscope; picture-in-picture\" allowfullscreen><\/iframe><\/p>\n<p><span style=\"color: #ff0000\"><strong>Delegaciones que participan<\/strong><\/span><\/p>\n<ul>\n<li>Universidad Nacional de San Juan<\/li>\n<li>Universidad Nacional de Cuyo<\/li>\n<li>Universidad Nacional de Chilecito<\/li>\n<li>Universidad Nacional de La Rioja<\/li>\n<li>Universidad Nacional de Villa Mercedes<\/li>\n<li>Universidad Nacional de San Luis<\/li>\n<li>Universidad Tecnol\u00f3gica Nacional<\/li>\n<li>Universidad de Aconcagua<\/li>\n<li>Universidad Juan Agust\u00edn Maza<\/li>\n<li>Universidad de Mendoza<\/li>\n<li>Universidad de Congreso<\/li>\n<li>Instituto de Educaci\u00f3n F\u00edsica \u00abJorge Coll\u00bb<\/li>\n<li>Instituto Superior de Educaci\u00f3n F\u00edsica de San Luis<\/li>\n<li>Instituto Santa Mar\u00eda Goretti<\/li>\n<\/ul>\n<p><span style=\"color: #ff0000\"><strong>Disciplinas<\/strong><\/span><\/p>\n<ul>\n<li>B\u00e1squet<\/li>\n<li>F\u00fatbol<\/li>\n<li>Futsal<\/li>\n<li>Handbol<\/li>\n<li>Tenis<\/li>\n<li>Rugby Seven<\/li>\n<li>Voley<\/li>\n<li>Hockey sobre c\u00e9sped<\/li>\n<li>Atletismo<\/li>\n<li>Ajedrez<\/li>\n<li>Nataci\u00f3n<\/li>\n<li>Tenis de mesa<\/li>\n<\/ul>\n<p><span style=\"color: #ff0000\"><strong>Sedes<\/strong><\/span><\/p>\n<ul>\n<li>Complejo Deportivo \u00abEl Palomar\u00bb<\/li>\n<li>Estadio Cerrado \u00abAldo Cantoni\u00bb<\/li>\n<li>Uni\u00f3n Vecinal Trinidad (U.V.T.)<\/li>\n<li>Uni\u00f3n Docentes Agremiados Provinciales UDAP<\/li>\n<li>Instituto Superior de Educaci\u00f3n F\u00edsica de San Juan<\/li>\n<\/ul>\n<p><iframe loading=\"lazy\" title=\"UNSJ JUR 2019\" width=\"800\" height=\"450\" src=\"https:\/\/www.youtube.com\/embed\/ALfP-6DVZ64?feature=oembed\" frameborder=\"0\" allow=\"accelerometer; autoplay; encrypted-media; gyroscope; picture-in-picture\" allowfullscreen><\/iframe><\/p>\n<p>&nbsp;<\/p>\n<p>&nbsp;<\/p>\n<p>&nbsp;<\/p>\n","protected":false},"excerpt":{"rendered":"<p>Se desarrollan en San Juan los Juegos Universitarios Regionales &#8211; JUR \u2013 que es una competencia que tiene como objetivo<\/p>\n","protected":false},"author":3,"featured_media":24806,"comment_status":"closed","ping_status":"closed","sticky":false,"template":"","format":"standard","meta":{"_acf_changed":false,"_seopress_robots_primary_cat":"","_seopress_titles_title":"","_seopress_titles_desc":"","_seopress_robots_index":"","colormag_page_container_layout":"default_layout","colormag_page_sidebar_layout":"default_layout","footnotes":""},"categories":[1,7],"tags":[],"class_list":["post-24803","post","type-post","status-publish","format-standard","has-post-thumbnail","hentry","category-destacadas","category-videos"],"acf":[],"_links":{"self":[{"href":"https:\/\/vocesparalelas.com.ar\/sitio\/wp-json\/wp\/v2\/posts\/24803","targetHints":{"allow":["GET"]}}],"collection":[{"href":"https:\/\/vocesparalelas.com.ar\/sitio\/wp-json\/wp\/v2\/posts"}],"about":[{"href":"https:\/\/vocesparalelas.com.ar\/sitio\/wp-json\/wp\/v2\/types\/post"}],"author":[{"embeddable":true,"href":"https:\/\/vocesparalelas.com.ar\/sitio\/wp-json\/wp\/v2\/users\/3"}],"replies":[{"embeddable":true,"href":"https:\/\/vocesparalelas.com.ar\/sitio\/wp-json\/wp\/v2\/comments?post=24803"}],"version-history":[{"count":1,"href":"https:\/\/vocesparalelas.com.ar\/sitio\/wp-json\/wp\/v2\/posts\/24803\/revisions"}],"predecessor-version":[{"id":24810,"href":"https:\/\/vocesparalelas.com.ar\/sitio\/wp-json\/wp\/v2\/posts\/24803\/revisions\/24810"}],"wp:featuredmedia":[{"embeddable":true,"href":"https:\/\/vocesparalelas.com.ar\/sitio\/wp-json\/wp\/v2\/media\/24806"}],"wp:attachment":[{"href":"https:\/\/vocesparalelas.com.ar\/sitio\/wp-json\/wp\/v2\/media?parent=24803"}],"wp:term":[{"taxonomy":"category","embeddable":true,"href":"https:\/\/vocesparalelas.com.ar\/sitio\/wp-json\/wp\/v2\/categories?post=24803"},{"taxonomy":"post_tag","embeddable":true,"href":"https:\/\/vocesparalelas.com.ar\/sitio\/wp-json\/wp\/v2\/tags?post=24803"}],"curies":[{"name":"wp","href":"https:\/\/api.w.org\/{rel}","templated":true}]}}