{"id":24788,"date":"2019-10-30T02:07:38","date_gmt":"2019-10-30T05:07:38","guid":{"rendered":"http:\/\/vocesparalelas.com.ar\/sitio\/?p=24788"},"modified":"2019-10-31T21:59:14","modified_gmt":"2019-11-01T00:59:14","slug":"agenda-semanal-de-la-1-bienal-nacional-de-dibujo","status":"publish","type":"post","link":"https:\/\/vocesparalelas.com.ar\/sitio\/agenda-semanal-de-la-1-bienal-nacional-de-dibujo\/","title":{"rendered":"Agenda semanal de la 1\u00b0 Bienal Nacional de Dibujo"},"content":{"rendered":"<ul>\n<li>Entrada General $50<\/li>\n<li>Estudiantes y jubilados $30<\/li>\n<li>Ni\u00f1os menores de 12 a\u00f1os gratis<\/li>\n<\/ul>\n<p>El domingo es el d\u00eda gratuito del museo para todo p\u00fablico.<\/p>\n<p>Av. Libertador 862 oeste, Capital, San Juan.<\/p>\n<ul>\n<li>Visitas guiadas para todo p\u00fablico,\u00a0de martes a domingo a las 19 hs.<\/li>\n<li>Visitas guiadas para Instituciones, pedido de turnos de lunes a viernes de 8 a 12 hs. a los tel\u00e9fonos 0264-\u00ad4200470 \/ int 106<\/li>\n<\/ul>\n<p><span style=\"color: #008000\"><strong>Informes<\/strong><\/span><\/p>\n<p><a href=\"mailto:contacto@museofranklinrawson.org\">contacto@museofranklinrawson.org<\/a><\/p>\n<p>&nbsp;<\/p>\n<p><img loading=\"lazy\" decoding=\"async\" class=\"alignnone wp-image-24789 size-large\" src=\"https:\/\/vocesparalelas.com.ar\/sitio\/wp-content\/uploads\/2019\/10\/MUSEO-DIBU-765x800.jpg\" alt=\"\" width=\"765\" height=\"800\" srcset=\"https:\/\/vocesparalelas.com.ar\/sitio\/wp-content\/uploads\/2019\/10\/MUSEO-DIBU-765x800.jpg 765w, https:\/\/vocesparalelas.com.ar\/sitio\/wp-content\/uploads\/2019\/10\/MUSEO-DIBU-287x300.jpg 287w, https:\/\/vocesparalelas.com.ar\/sitio\/wp-content\/uploads\/2019\/10\/MUSEO-DIBU-768x804.jpg 768w, https:\/\/vocesparalelas.com.ar\/sitio\/wp-content\/uploads\/2019\/10\/MUSEO-DIBU.jpg 800w\" sizes=\"auto, (max-width: 765px) 100vw, 765px\" \/><\/p>\n<p>&nbsp;<\/p>\n<p><img loading=\"lazy\" decoding=\"async\" class=\"alignnone wp-image-22179 size-large\" src=\"https:\/\/vocesparalelas.com.ar\/sitio\/wp-content\/uploads\/2019\/07\/MUSEO-FR-01-800x531.jpg\" alt=\"\" width=\"800\" height=\"531\" srcset=\"https:\/\/vocesparalelas.com.ar\/sitio\/wp-content\/uploads\/2019\/07\/MUSEO-FR-01-800x531.jpg 800w, https:\/\/vocesparalelas.com.ar\/sitio\/wp-content\/uploads\/2019\/07\/MUSEO-FR-01-300x199.jpg 300w, https:\/\/vocesparalelas.com.ar\/sitio\/wp-content\/uploads\/2019\/07\/MUSEO-FR-01-768x510.jpg 768w, https:\/\/vocesparalelas.com.ar\/sitio\/wp-content\/uploads\/2019\/07\/MUSEO-FR-01.jpg 1000w\" sizes=\"auto, (max-width: 800px) 100vw, 800px\" \/><\/p>\n","protected":false},"excerpt":{"rendered":"<p>Entrada General $50 Estudiantes y jubilados $30 Ni\u00f1os menores de 12 a\u00f1os gratis El domingo es el d\u00eda gratuito del<\/p>\n","protected":false},"author":3,"featured_media":24551,"comment_status":"closed","ping_status":"closed","sticky":false,"template":"","format":"standard","meta":{"_acf_changed":false,"_seopress_robots_primary_cat":"","_seopress_titles_title":"","_seopress_titles_desc":"","_seopress_robots_index":"","colormag_page_container_layout":"default_layout","colormag_page_sidebar_layout":"default_layout","footnotes":""},"categories":[6],"tags":[],"class_list":["post-24788","post","type-post","status-publish","format-standard","has-post-thumbnail","hentry","category-eventos"],"acf":[],"_links":{"self":[{"href":"https:\/\/vocesparalelas.com.ar\/sitio\/wp-json\/wp\/v2\/posts\/24788","targetHints":{"allow":["GET"]}}],"collection":[{"href":"https:\/\/vocesparalelas.com.ar\/sitio\/wp-json\/wp\/v2\/posts"}],"about":[{"href":"https:\/\/vocesparalelas.com.ar\/sitio\/wp-json\/wp\/v2\/types\/post"}],"author":[{"embeddable":true,"href":"https:\/\/vocesparalelas.com.ar\/sitio\/wp-json\/wp\/v2\/users\/3"}],"replies":[{"embeddable":true,"href":"https:\/\/vocesparalelas.com.ar\/sitio\/wp-json\/wp\/v2\/comments?post=24788"}],"version-history":[{"count":3,"href":"https:\/\/vocesparalelas.com.ar\/sitio\/wp-json\/wp\/v2\/posts\/24788\/revisions"}],"predecessor-version":[{"id":24792,"href":"https:\/\/vocesparalelas.com.ar\/sitio\/wp-json\/wp\/v2\/posts\/24788\/revisions\/24792"}],"wp:featuredmedia":[{"embeddable":true,"href":"https:\/\/vocesparalelas.com.ar\/sitio\/wp-json\/wp\/v2\/media\/24551"}],"wp:attachment":[{"href":"https:\/\/vocesparalelas.com.ar\/sitio\/wp-json\/wp\/v2\/media?parent=24788"}],"wp:term":[{"taxonomy":"category","embeddable":true,"href":"https:\/\/vocesparalelas.com.ar\/sitio\/wp-json\/wp\/v2\/categories?post=24788"},{"taxonomy":"post_tag","embeddable":true,"href":"https:\/\/vocesparalelas.com.ar\/sitio\/wp-json\/wp\/v2\/tags?post=24788"}],"curies":[{"name":"wp","href":"https:\/\/api.w.org\/{rel}","templated":true}]}}