{"id":24779,"date":"2019-10-30T01:37:36","date_gmt":"2019-10-30T04:37:36","guid":{"rendered":"http:\/\/vocesparalelas.com.ar\/sitio\/?p=24779"},"modified":"2019-10-31T22:12:09","modified_gmt":"2019-11-01T01:12:09","slug":"comenzo-el-curso-de-posgrado-infancia-justicia-y-derechos","status":"publish","type":"post","link":"https:\/\/vocesparalelas.com.ar\/sitio\/comenzo-el-curso-de-posgrado-infancia-justicia-y-derechos\/","title":{"rendered":"Comenz\u00f3 el Curso de Posgrado \u00abInfancia, Justicia y Derechos\u00bb"},"content":{"rendered":"<p>En el marco del III Congreso Binacional de Investigaci\u00f3n Cient\u00edfica y VI Encuentro de J\u00f3venes Investigadores, Argentina &#8211; Chile 2019, comenz\u00f3 el Curso de Posgrado \u00abInfancia, Justicia y Derechos: Dispositivos jur\u00eddicos, burocr\u00e1ticos destinados a los ni\u00f1os\/as y sus familias\u00bb, que se desarrolla del 28 al 31 de Octubre, en el Sal\u00f3n de Actos \u00abDr. Luis Leonardelli, de la Facultad de Ciencias Sociales de la Universidad Nacional de San Juan.<\/p>\n<p>En el acto inaugural, estuvieron presentes y que conformaron la mesa acad\u00e9mica, el Secretario de Estado de Ciencia, Tecnolog\u00eda e Innovaci\u00f3n del Gobierno de San Juan, Ing. Tulio Del Bono, el Decano de la FACSO de la UNSJ, Lic. Ra\u00fal Garc\u00eda, la\u00a0directora de Promoci\u00f3n Cient\u00edfica y Cooperaci\u00f3n Internacional de la Secretar\u00eda de Ciencia, Tecnolog\u00eda e Innovaci\u00f3n del SECITI del Gobierno de San Juan, Lic. Fabiana Guerrero, la Dra. Carla Villalta y la Mg. Paula Mateos.<\/p>\n<p>Por ello, el Secretario de Estado de Ciencia, Tecnolog\u00eda e Innovaci\u00f3n del Gobierno de San Juan, Ing. Tulio Del Bono, quien destac\u00f3 varios conceptos sobre la ni\u00f1ez como personas que tienen derechos pero no tienen voz para manifestarse por lo tanto hay que tratar temas que lo fortalezcan.<\/p>\n<p><iframe loading=\"lazy\" title=\"CONGRESO CIENT\u00cdFICO\" width=\"800\" height=\"450\" src=\"https:\/\/www.youtube.com\/embed\/oIgIGNxKWFI?start=4&#038;feature=oembed\" frameborder=\"0\" allow=\"accelerometer; autoplay; encrypted-media; gyroscope; picture-in-picture\" allowfullscreen><\/iframe><\/p>\n<p>Luego, el Decano de la FACSO de la UNSJ, Lic. Ra\u00fal Garc\u00eda, quien di\u00f3 la bienvenido a los participantes.<\/p>\n<p><iframe loading=\"lazy\" title=\"CONGRESO CIENT\u00cdFICO\" width=\"800\" height=\"450\" src=\"https:\/\/www.youtube.com\/embed\/weZ63LCZv30?feature=oembed\" frameborder=\"0\" allow=\"accelerometer; autoplay; encrypted-media; gyroscope; picture-in-picture\" allowfullscreen><\/iframe><\/p>\n<p>De esta manera, comenz\u00f3 el Curso de Posgrado \u00abInfancia, Justicia y Derechos: Dispositivos jur\u00eddicos, burocr\u00e1ticos destinados a los ni\u00f1os\/as y sus familias\u00bb, a cargo de la Dra. Carla Villalta.<\/p>\n<figure id=\"attachment_24781\" aria-describedby=\"caption-attachment-24781\" style=\"width: 800px\" class=\"wp-caption alignnone\"><img loading=\"lazy\" decoding=\"async\" class=\"wp-image-24781 size-large\" src=\"https:\/\/vocesparalelas.com.ar\/sitio\/wp-content\/uploads\/2019\/10\/UNSJ-CONGRESO-BINACIONAL-01-800x533.jpg\" alt=\"\" width=\"800\" height=\"533\" srcset=\"https:\/\/vocesparalelas.com.ar\/sitio\/wp-content\/uploads\/2019\/10\/UNSJ-CONGRESO-BINACIONAL-01.jpg 800w, https:\/\/vocesparalelas.com.ar\/sitio\/wp-content\/uploads\/2019\/10\/UNSJ-CONGRESO-BINACIONAL-01-300x200.jpg 300w, https:\/\/vocesparalelas.com.ar\/sitio\/wp-content\/uploads\/2019\/10\/UNSJ-CONGRESO-BINACIONAL-01-768x512.jpg 768w\" sizes=\"auto, (max-width: 800px) 100vw, 800px\" \/><figcaption id=\"caption-attachment-24781\" class=\"wp-caption-text\">Dra. Carla Villalta<\/figcaption><\/figure>\n<p><img loading=\"lazy\" decoding=\"async\" class=\"alignnone wp-image-24782 size-full\" src=\"https:\/\/vocesparalelas.com.ar\/sitio\/wp-content\/uploads\/2019\/10\/UNSJ-CONGRESO-BINACIONAL-02.jpg\" alt=\"\" width=\"800\" height=\"533\" srcset=\"https:\/\/vocesparalelas.com.ar\/sitio\/wp-content\/uploads\/2019\/10\/UNSJ-CONGRESO-BINACIONAL-02.jpg 800w, https:\/\/vocesparalelas.com.ar\/sitio\/wp-content\/uploads\/2019\/10\/UNSJ-CONGRESO-BINACIONAL-02-300x200.jpg 300w, https:\/\/vocesparalelas.com.ar\/sitio\/wp-content\/uploads\/2019\/10\/UNSJ-CONGRESO-BINACIONAL-02-768x512.jpg 768w\" sizes=\"auto, (max-width: 800px) 100vw, 800px\" \/><\/p>\n","protected":false},"excerpt":{"rendered":"<p>En el marco del III Congreso Binacional de Investigaci\u00f3n Cient\u00edfica y VI Encuentro de J\u00f3venes Investigadores, Argentina &#8211; Chile 2019,<\/p>\n","protected":false},"author":3,"featured_media":24780,"comment_status":"closed","ping_status":"closed","sticky":false,"template":"","format":"video","meta":{"_acf_changed":false,"_seopress_robots_primary_cat":"","_seopress_titles_title":"","_seopress_titles_desc":"","_seopress_robots_index":"","colormag_page_container_layout":"default_layout","colormag_page_sidebar_layout":"default_layout","footnotes":""},"categories":[15,7],"tags":[],"class_list":["post-24779","post","type-post","status-publish","format-video","has-post-thumbnail","hentry","category-posgrados","category-videos","post_format-post-format-video"],"acf":[],"_links":{"self":[{"href":"https:\/\/vocesparalelas.com.ar\/sitio\/wp-json\/wp\/v2\/posts\/24779","targetHints":{"allow":["GET"]}}],"collection":[{"href":"https:\/\/vocesparalelas.com.ar\/sitio\/wp-json\/wp\/v2\/posts"}],"about":[{"href":"https:\/\/vocesparalelas.com.ar\/sitio\/wp-json\/wp\/v2\/types\/post"}],"author":[{"embeddable":true,"href":"https:\/\/vocesparalelas.com.ar\/sitio\/wp-json\/wp\/v2\/users\/3"}],"replies":[{"embeddable":true,"href":"https:\/\/vocesparalelas.com.ar\/sitio\/wp-json\/wp\/v2\/comments?post=24779"}],"version-history":[{"count":1,"href":"https:\/\/vocesparalelas.com.ar\/sitio\/wp-json\/wp\/v2\/posts\/24779\/revisions"}],"predecessor-version":[{"id":24784,"href":"https:\/\/vocesparalelas.com.ar\/sitio\/wp-json\/wp\/v2\/posts\/24779\/revisions\/24784"}],"wp:featuredmedia":[{"embeddable":true,"href":"https:\/\/vocesparalelas.com.ar\/sitio\/wp-json\/wp\/v2\/media\/24780"}],"wp:attachment":[{"href":"https:\/\/vocesparalelas.com.ar\/sitio\/wp-json\/wp\/v2\/media?parent=24779"}],"wp:term":[{"taxonomy":"category","embeddable":true,"href":"https:\/\/vocesparalelas.com.ar\/sitio\/wp-json\/wp\/v2\/categories?post=24779"},{"taxonomy":"post_tag","embeddable":true,"href":"https:\/\/vocesparalelas.com.ar\/sitio\/wp-json\/wp\/v2\/tags?post=24779"}],"curies":[{"name":"wp","href":"https:\/\/api.w.org\/{rel}","templated":true}]}}