{"id":22811,"date":"2019-08-08T23:11:23","date_gmt":"2019-08-09T02:11:23","guid":{"rendered":"http:\/\/vocesparalelas.com.ar\/sitio\/?p=22811"},"modified":"2019-08-12T22:42:06","modified_gmt":"2019-08-13T01:42:06","slug":"80-aniversario-de-la-fi-se-inaugura-la-sala-de-lactancia","status":"publish","type":"post","link":"https:\/\/vocesparalelas.com.ar\/sitio\/80-aniversario-de-la-fi-se-inaugura-la-sala-de-lactancia\/","title":{"rendered":"80\u00b0 Aniversario de la FI se inaugura la Sala de Lactancia"},"content":{"rendered":"<p>El Lunes, 12 de Agosto, a las 11 hs.; se inaugura la Sala de Lactancia de la Facultad de Ingenier\u00eda en el marco de la Semana Mundial de la Lactancia Materna, que se extiende desde el 1 al 7 de Agosto, y se inscribe dentro del Programa de Actos del 80\u00ba Aniversario de la unidad acad\u00e9mica, en la terraza interna del edificio de Ingenier\u00eda Qu\u00edmica y Decanato, donde estaba ubicada anteriormente la Receptor\u00eda de DAMSU.<\/p>\n<p>Adem\u00e1s de esta sala, se inauguran otros tres espacios: en la Facultad de Filosof\u00eda, Humanidades y Artes; en el Complejo Universitario Islas Malvinas (CUIM) y en la Legislatura Provincial.<\/p>\n<p>En el acto participa la Ministerio de Salud P\u00fablica del Gobierno de San Juan, Dr. Alejandra Venerando y la directora de Materno Infancia, Dra. Sandra Merino.<\/p>\n<p><strong><span style=\"color: #ff0000\">\u00bfQu\u00e9 es una Sala de Lactancia?<\/span><\/strong><\/p>\n<p>Un Lactario o Sala de Lactancia es un espacio destinado a las madres trabajadoras. Brinda la posibilidad de conciliar la lactancia materna y las actividades laborales, ya que otorga un \u00e1mbito confortable y con privacidad para que puedan realizar la extracci\u00f3n de leche materna. El sector cuenta con sillones y una heladera para poder conservar la leche, entre otras comodidades.<\/p>\n<p>La instalaci\u00f3n de estos espacios, llamados \u00abamigables\u00bb, significa mucho m\u00e1s que la presencia de un espacio f\u00edsico destinado a la lactancia. Conlleva un cambio cultural en la manera de trabajar y constituye un aporte a la igualdad de oportunidades en el trabajo, a la incorporaci\u00f3n de h\u00e1bitos de alimentaci\u00f3n m\u00e1s saludables y a la generaci\u00f3n de conciencia en torno a la crianza como\u00a0responsabilidad integral de los adultos, sin distinciones por roles de g\u00e9nero.<\/p>\n<p>&nbsp;<\/p>\n<p>&nbsp;<\/p>\n<p><img loading=\"lazy\" decoding=\"async\" class=\"alignnone size-full wp-image-22812\" src=\"https:\/\/vocesparalelas.com.ar\/sitio\/wp-content\/uploads\/2019\/08\/FI-LACTANCIA.jpg\" alt=\"\" width=\"1000\" height=\"750\" srcset=\"https:\/\/vocesparalelas.com.ar\/sitio\/wp-content\/uploads\/2019\/08\/FI-LACTANCIA.jpg 1000w, https:\/\/vocesparalelas.com.ar\/sitio\/wp-content\/uploads\/2019\/08\/FI-LACTANCIA-300x225.jpg 300w, https:\/\/vocesparalelas.com.ar\/sitio\/wp-content\/uploads\/2019\/08\/FI-LACTANCIA-768x576.jpg 768w, https:\/\/vocesparalelas.com.ar\/sitio\/wp-content\/uploads\/2019\/08\/FI-LACTANCIA-800x600.jpg 800w\" sizes=\"auto, (max-width: 1000px) 100vw, 1000px\" \/><\/p>\n<p>&nbsp;<\/p>\n<p><img loading=\"lazy\" decoding=\"async\" class=\"alignnone size-full wp-image-2548\" src=\"https:\/\/vocesparalelas.com.ar\/sitio\/wp-content\/uploads\/2017\/06\/FI-02.jpg\" alt=\"\" width=\"1000\" height=\"667\" srcset=\"https:\/\/vocesparalelas.com.ar\/sitio\/wp-content\/uploads\/2017\/06\/FI-02.jpg 1000w, https:\/\/vocesparalelas.com.ar\/sitio\/wp-content\/uploads\/2017\/06\/FI-02-300x200.jpg 300w, https:\/\/vocesparalelas.com.ar\/sitio\/wp-content\/uploads\/2017\/06\/FI-02-768x512.jpg 768w, https:\/\/vocesparalelas.com.ar\/sitio\/wp-content\/uploads\/2017\/06\/FI-02-800x534.jpg 800w\" sizes=\"auto, (max-width: 1000px) 100vw, 1000px\" \/><\/p>\n<p>&nbsp;<\/p>\n<p>&nbsp;<\/p>\n<p>&nbsp;<\/p>\n<p>&nbsp;<\/p>\n<p>&nbsp;<\/p>\n<p>&nbsp;<\/p>\n<p>&nbsp;<\/p>\n","protected":false},"excerpt":{"rendered":"<p>El Lunes, 12 de Agosto, a las 11 hs.; se inaugura la Sala de Lactancia de la Facultad de Ingenier\u00eda<\/p>\n","protected":false},"author":3,"featured_media":22751,"comment_status":"closed","ping_status":"closed","sticky":false,"template":"","format":"standard","meta":{"_acf_changed":false,"_seopress_robots_primary_cat":"","_seopress_titles_title":"","_seopress_titles_desc":"","_seopress_robots_index":"","colormag_page_container_layout":"default_layout","colormag_page_sidebar_layout":"default_layout","footnotes":""},"categories":[1],"tags":[],"class_list":["post-22811","post","type-post","status-publish","format-standard","has-post-thumbnail","hentry","category-destacadas"],"acf":[],"_links":{"self":[{"href":"https:\/\/vocesparalelas.com.ar\/sitio\/wp-json\/wp\/v2\/posts\/22811","targetHints":{"allow":["GET"]}}],"collection":[{"href":"https:\/\/vocesparalelas.com.ar\/sitio\/wp-json\/wp\/v2\/posts"}],"about":[{"href":"https:\/\/vocesparalelas.com.ar\/sitio\/wp-json\/wp\/v2\/types\/post"}],"author":[{"embeddable":true,"href":"https:\/\/vocesparalelas.com.ar\/sitio\/wp-json\/wp\/v2\/users\/3"}],"replies":[{"embeddable":true,"href":"https:\/\/vocesparalelas.com.ar\/sitio\/wp-json\/wp\/v2\/comments?post=22811"}],"version-history":[{"count":1,"href":"https:\/\/vocesparalelas.com.ar\/sitio\/wp-json\/wp\/v2\/posts\/22811\/revisions"}],"predecessor-version":[{"id":22813,"href":"https:\/\/vocesparalelas.com.ar\/sitio\/wp-json\/wp\/v2\/posts\/22811\/revisions\/22813"}],"wp:featuredmedia":[{"embeddable":true,"href":"https:\/\/vocesparalelas.com.ar\/sitio\/wp-json\/wp\/v2\/media\/22751"}],"wp:attachment":[{"href":"https:\/\/vocesparalelas.com.ar\/sitio\/wp-json\/wp\/v2\/media?parent=22811"}],"wp:term":[{"taxonomy":"category","embeddable":true,"href":"https:\/\/vocesparalelas.com.ar\/sitio\/wp-json\/wp\/v2\/categories?post=22811"},{"taxonomy":"post_tag","embeddable":true,"href":"https:\/\/vocesparalelas.com.ar\/sitio\/wp-json\/wp\/v2\/tags?post=22811"}],"curies":[{"name":"wp","href":"https:\/\/api.w.org\/{rel}","templated":true}]}}