{"id":22793,"date":"2019-08-09T00:30:36","date_gmt":"2019-08-09T03:30:36","guid":{"rendered":"http:\/\/vocesparalelas.com.ar\/sitio\/?p=22793"},"modified":"2019-08-09T00:35:51","modified_gmt":"2019-08-09T03:35:51","slug":"el-voto-comando-electoral-y-se-tecnifico-el-sistema-de-recoleccion-de-los-datos-del-escrutinio","status":"publish","type":"post","link":"https:\/\/vocesparalelas.com.ar\/sitio\/el-voto-comando-electoral-y-se-tecnifico-el-sistema-de-recoleccion-de-los-datos-del-escrutinio\/","title":{"rendered":"El Voto Comando Electoral y se tecnific\u00f3 el sistema de recolecci\u00f3n de los datos del escrutinio"},"content":{"rendered":"<p>El Jefe del RIM 22, Coronel Jos\u00e9 Carlos Hilgert y el Secretario Electoral del\u00a0Juzgado Federal con competencia Electoral, Dr. Edgardo Benitez, convocaron a una conferencia de prensa para explicar el movimiento que se realiza para las Elecciones en San Juan para Diputados Nacionales y las PASOS para la elecci\u00f3n Presidencial, el Domingo, 11 de Agosto de 2019, de 8 a 18 hs.<\/p>\n<p>Por ello, el Jefe del RIM 22, Coronel Jos\u00e9 Carlos Hilgert, puntualiz\u00f3 la tarea que se desarrolla hasta que finalice la votaci\u00f3n como Comandante del Distrito Federal San Juan.<\/p>\n<p><iframe loading=\"lazy\" title=\"SISTEMA ELECTORAL 11 AGOSTO 2019\" width=\"800\" height=\"450\" src=\"https:\/\/www.youtube.com\/embed\/geZ7T-tRKKc?feature=oembed\" frameborder=\"0\" allow=\"accelerometer; autoplay; encrypted-media; gyroscope; picture-in-picture\" allowfullscreen><\/iframe><\/p>\n<p>Seguidamente, el Secretario Electoral del\u00a0Juzgado Federal con competencia Electoral, Dr. Edgardo Benitez, aclar\u00f3 sobre el Voto Comando Electoral.<\/p>\n<p>&nbsp;<\/p>\n<p><iframe loading=\"lazy\" title=\"SISTEMA ELECTORAL 11 AGOSTO 2019\" width=\"800\" height=\"450\" src=\"https:\/\/www.youtube.com\/embed\/6VuWbY97IPw?feature=oembed\" frameborder=\"0\" allow=\"accelerometer; autoplay; encrypted-media; gyroscope; picture-in-picture\" allowfullscreen><\/iframe><\/p>\n<p>Posteriormente, el Dr. Benitez describi\u00f3 el nuevo sistema electoral que queda en mano de la Naci\u00f3n.<\/p>\n<p><iframe loading=\"lazy\" title=\"SISTEMA ELECTORAL 11 AGOSTO 2019\" width=\"800\" height=\"450\" src=\"https:\/\/www.youtube.com\/embed\/Z2BDSAML1No?feature=oembed\" frameborder=\"0\" allow=\"accelerometer; autoplay; encrypted-media; gyroscope; picture-in-picture\" allowfullscreen><\/iframe><\/p>\n<p>Luego el Coronel Hilgert, describi\u00f3 que su tarea comienza el Viernes y culmina hasta despu\u00e9s de finalizada la tarea del presidente de mesa al entregar el acta, de todas las mesas de San Juan.<\/p>\n<p><iframe loading=\"lazy\" title=\"SISTEMA ELECTORAL 11 AGOSTO 2019\" width=\"800\" height=\"450\" src=\"https:\/\/www.youtube.com\/embed\/0mqOPHinjL8?feature=oembed\" frameborder=\"0\" allow=\"accelerometer; autoplay; encrypted-media; gyroscope; picture-in-picture\" allowfullscreen><\/iframe><\/p>\n<p>&nbsp;<\/p>\n<p>&nbsp;<\/p>\n<p>&nbsp;<\/p>\n","protected":false},"excerpt":{"rendered":"<p>El Jefe del RIM 22, Coronel Jos\u00e9 Carlos Hilgert y el Secretario Electoral del\u00a0Juzgado Federal con competencia Electoral, Dr. Edgardo<\/p>\n","protected":false},"author":3,"featured_media":22794,"comment_status":"closed","ping_status":"closed","sticky":false,"template":"","format":"video","meta":{"_acf_changed":false,"_seopress_robots_primary_cat":"","_seopress_titles_title":"","_seopress_titles_desc":"","_seopress_robots_index":"","colormag_page_container_layout":"default_layout","colormag_page_sidebar_layout":"default_layout","footnotes":""},"categories":[1,7],"tags":[],"class_list":["post-22793","post","type-post","status-publish","format-video","has-post-thumbnail","hentry","category-destacadas","category-videos","post_format-post-format-video"],"acf":[],"_links":{"self":[{"href":"https:\/\/vocesparalelas.com.ar\/sitio\/wp-json\/wp\/v2\/posts\/22793","targetHints":{"allow":["GET"]}}],"collection":[{"href":"https:\/\/vocesparalelas.com.ar\/sitio\/wp-json\/wp\/v2\/posts"}],"about":[{"href":"https:\/\/vocesparalelas.com.ar\/sitio\/wp-json\/wp\/v2\/types\/post"}],"author":[{"embeddable":true,"href":"https:\/\/vocesparalelas.com.ar\/sitio\/wp-json\/wp\/v2\/users\/3"}],"replies":[{"embeddable":true,"href":"https:\/\/vocesparalelas.com.ar\/sitio\/wp-json\/wp\/v2\/comments?post=22793"}],"version-history":[{"count":2,"href":"https:\/\/vocesparalelas.com.ar\/sitio\/wp-json\/wp\/v2\/posts\/22793\/revisions"}],"predecessor-version":[{"id":22797,"href":"https:\/\/vocesparalelas.com.ar\/sitio\/wp-json\/wp\/v2\/posts\/22793\/revisions\/22797"}],"wp:featuredmedia":[{"embeddable":true,"href":"https:\/\/vocesparalelas.com.ar\/sitio\/wp-json\/wp\/v2\/media\/22794"}],"wp:attachment":[{"href":"https:\/\/vocesparalelas.com.ar\/sitio\/wp-json\/wp\/v2\/media?parent=22793"}],"wp:term":[{"taxonomy":"category","embeddable":true,"href":"https:\/\/vocesparalelas.com.ar\/sitio\/wp-json\/wp\/v2\/categories?post=22793"},{"taxonomy":"post_tag","embeddable":true,"href":"https:\/\/vocesparalelas.com.ar\/sitio\/wp-json\/wp\/v2\/tags?post=22793"}],"curies":[{"name":"wp","href":"https:\/\/api.w.org\/{rel}","templated":true}]}}