{"id":22790,"date":"2019-08-08T17:31:11","date_gmt":"2019-08-08T20:31:11","guid":{"rendered":"http:\/\/vocesparalelas.com.ar\/sitio\/?p=22790"},"modified":"2019-08-10T01:27:26","modified_gmt":"2019-08-10T04:27:26","slug":"por-unanimidad-se-aprobo-la-creacion-del-consejo-asesor-indigena","status":"publish","type":"post","link":"https:\/\/vocesparalelas.com.ar\/sitio\/por-unanimidad-se-aprobo-la-creacion-del-consejo-asesor-indigena\/","title":{"rendered":"Por unanimidad se aprob\u00f3 la creaci\u00f3n del Consejo Asesor Ind\u00edgena"},"content":{"rendered":"<p>Por unanimidad, el Consejo Superior de la UNSJ aprob\u00f3 la creaci\u00f3n del Consejo Asesor Ind\u00edgena, iniciativa en la que una comisi\u00f3n ad-hoc viene trabajando desde hace un a\u00f1o.<\/p>\n<p>Carina Jorf\u00e9, warpe e investigadora del CONICET &#8211; UNSJ, expres\u00f3 su satisfacci\u00f3n y adelant\u00f3 que \u201cuno de los temas a abordar es la restituci\u00f3n de cuerpos que la UNSJ tiene bajo su custodia\u201d.<\/p>\n<p>Por otra parte, el \u00f3rgano aprob\u00f3 la creaci\u00f3n del primer posgrado en la Escuela Universitaria de Ciencias de la Salud. Se trata de la Especializaci\u00f3n en Neurociencia y Estr\u00e9s, que seg\u00fan explic\u00f3 la directora de la EUCS, Ana Naranjo, tendr\u00e1 un enfoque transdisciplinario.<\/p>\n<p>A lo largo del debate, se aprob\u00f3 tambi\u00e9n la nueva norma que regir\u00e1 la convocatoria a becas de posgrado dentro de la UNSJ como as\u00ed tambi\u00e9n, dos iniciativas referidas a distinciones honor\u00edficas: son los doctorados honoris causa para el vicepresidente de Bolivia, Alvaro Garc\u00eda Linera y para la escritora cordobesa, Mar\u00eda Teresa Andruetto.<\/p>\n<p>&nbsp;<\/p>\n<p><img loading=\"lazy\" decoding=\"async\" class=\"alignnone size-full wp-image-22486\" src=\"https:\/\/vocesparalelas.com.ar\/sitio\/wp-content\/uploads\/2019\/07\/UNSJ-LOGO-10.jpg\" alt=\"\" width=\"1000\" height=\"667\" srcset=\"https:\/\/vocesparalelas.com.ar\/sitio\/wp-content\/uploads\/2019\/07\/UNSJ-LOGO-10.jpg 1000w, https:\/\/vocesparalelas.com.ar\/sitio\/wp-content\/uploads\/2019\/07\/UNSJ-LOGO-10-300x200.jpg 300w, https:\/\/vocesparalelas.com.ar\/sitio\/wp-content\/uploads\/2019\/07\/UNSJ-LOGO-10-768x512.jpg 768w, https:\/\/vocesparalelas.com.ar\/sitio\/wp-content\/uploads\/2019\/07\/UNSJ-LOGO-10-800x534.jpg 800w\" sizes=\"auto, (max-width: 1000px) 100vw, 1000px\" \/><\/p>\n<p>&nbsp;<\/p>\n<p>&nbsp;<\/p>\n<p>&nbsp;<\/p>\n<p>&nbsp;<\/p>\n<p>&nbsp;<\/p>\n","protected":false},"excerpt":{"rendered":"<p>Por unanimidad, el Consejo Superior de la UNSJ aprob\u00f3 la creaci\u00f3n del Consejo Asesor Ind\u00edgena, iniciativa en la que una<\/p>\n","protected":false},"author":3,"featured_media":22791,"comment_status":"closed","ping_status":"closed","sticky":false,"template":"","format":"standard","meta":{"_acf_changed":false,"_seopress_robots_primary_cat":"","_seopress_titles_title":"","_seopress_titles_desc":"","_seopress_robots_index":"","colormag_page_container_layout":"default_layout","colormag_page_sidebar_layout":"default_layout","footnotes":""},"categories":[1],"tags":[],"class_list":["post-22790","post","type-post","status-publish","format-standard","has-post-thumbnail","hentry","category-destacadas"],"acf":[],"_links":{"self":[{"href":"https:\/\/vocesparalelas.com.ar\/sitio\/wp-json\/wp\/v2\/posts\/22790","targetHints":{"allow":["GET"]}}],"collection":[{"href":"https:\/\/vocesparalelas.com.ar\/sitio\/wp-json\/wp\/v2\/posts"}],"about":[{"href":"https:\/\/vocesparalelas.com.ar\/sitio\/wp-json\/wp\/v2\/types\/post"}],"author":[{"embeddable":true,"href":"https:\/\/vocesparalelas.com.ar\/sitio\/wp-json\/wp\/v2\/users\/3"}],"replies":[{"embeddable":true,"href":"https:\/\/vocesparalelas.com.ar\/sitio\/wp-json\/wp\/v2\/comments?post=22790"}],"version-history":[{"count":3,"href":"https:\/\/vocesparalelas.com.ar\/sitio\/wp-json\/wp\/v2\/posts\/22790\/revisions"}],"predecessor-version":[{"id":22820,"href":"https:\/\/vocesparalelas.com.ar\/sitio\/wp-json\/wp\/v2\/posts\/22790\/revisions\/22820"}],"wp:featuredmedia":[{"embeddable":true,"href":"https:\/\/vocesparalelas.com.ar\/sitio\/wp-json\/wp\/v2\/media\/22791"}],"wp:attachment":[{"href":"https:\/\/vocesparalelas.com.ar\/sitio\/wp-json\/wp\/v2\/media?parent=22790"}],"wp:term":[{"taxonomy":"category","embeddable":true,"href":"https:\/\/vocesparalelas.com.ar\/sitio\/wp-json\/wp\/v2\/categories?post=22790"},{"taxonomy":"post_tag","embeddable":true,"href":"https:\/\/vocesparalelas.com.ar\/sitio\/wp-json\/wp\/v2\/tags?post=22790"}],"curies":[{"name":"wp","href":"https:\/\/api.w.org\/{rel}","templated":true}]}}